{"id":227518,"date":"2026-09-01T21:23:13","date_gmt":"2026-09-02T01:23:13","guid":{"rendered":"https:\/\/www.elsinodaldetamaulipas.com.mx\/?p=227518"},"modified":"2026-09-01T21:23:13","modified_gmt":"2026-09-02T01:23:13","slug":"cabalgata-cierra-filas-con-sheinbaum-y-americo","status":"publish","type":"post","link":"https:\/\/www.elsinodaldetamaulipas.com.mx\/?p=227518","title":{"rendered":"CABALGATA CIERRA FILAS CON SHEINBAUM Y AM\u00c9RICO"},"content":{"rendered":"<p class=\"wp-block-paragraph\">A MI MANERA<\/p>\n<p class=\"wp-block-paragraph\">Por Tello Montes<\/p>\n<p class=\"wp-block-paragraph\">\n<p class=\"wp-block-paragraph\">La Cabalgata de la Unidad convirti\u00f3 las calles de Ciudad Victoria en escenario de una amplia movilizaci\u00f3n en respaldo al gobernador Am\u00e9rico Villarreal Anaya y al proyecto nacional encabezado por la presidenta Claudia Sheinbaum Pardo.<\/p>\n<p class=\"wp-block-paragraph\">M\u00e1s de 2 mil 100 cabalgantes provenientes de distintas regiones recorrieron las principales vialidades de la capital. Participaron tambi\u00e9n representantes de los 43 municipios, legisladores, integrantes del gabinete estatal, sectores productivos y familias tamaulipecas.<\/p>\n<p class=\"wp-block-paragraph\">El mensaje fue claro: Tamaulipas est\u00e1 m\u00e1s unido que nunca en torno a su gobierno, la defensa de la soberan\u00eda nacional y la continuidad de la transformaci\u00f3n de M\u00e9xico.<\/p>\n<p class=\"wp-block-paragraph\">Durante el encuentro celebrado en el Polyforum, Am\u00e9rico Villarreal llam\u00f3 a mantener la unidad y continuar trabajando por el desarrollo del estado y del pa\u00eds, atendiendo la convocatoria de la presidenta Claudia Sheinbaum.<\/p>\n<p class=\"wp-block-paragraph\">La jornada tambi\u00e9n permiti\u00f3 celebrar las tradiciones y la identidad tamaulipecas. Adem\u00e1s, durante el recorrido, el gobernador inaugur\u00f3 la prolongaci\u00f3n del bulevar Jos\u00e9 L\u00f3pez Portillo, obra destinada a mejorar la conectividad y la movilidad de Ciudad Victoria.<\/p>\n<p class=\"wp-block-paragraph\">La cabalgata cerr\u00f3 las asambleas realizadas en los 43 municipios y dej\u00f3 una imagen de fortaleza pol\u00edtica y cohesi\u00f3n social: un Tamaulipas unido que respalda a Am\u00e9rico Villarreal y acompa\u00f1a a Claudia Sheinbaum en la construcci\u00f3n del segundo piso de la transformaci\u00f3n.<\/p>\n<p class=\"wp-block-paragraph\">Y EN EL MISMO CANAL ,\u2026Con el gobernador Am\u00e9rico Villarreal Anaya como testigo de honor, la Universidad Aut\u00f3noma de Tamaulipas (UAT) y la Uni\u00f3n Ganadera Regional de Tamaulipas (UGRT) firmaron un convenio para fortalecer y modernizar el sector pecuario estatal.<br \/>\nEl acuerdo fue suscrito por el rector D\u00e1maso Anaya Alvarado y el presidente de la UGRT, Jos\u00e9 Ram\u00f3n Guerrero Gamboa, en el marco de la Cabalgata de la Unidad.<\/p>\n<p class=\"wp-block-paragraph\">La alianza permitir\u00e1 desarrollar proyectos de investigaci\u00f3n e innovaci\u00f3n tecnol\u00f3gica en \u00e1reas como nutrici\u00f3n animal, sanidad, reproducci\u00f3n, manejo de especies y comercializaci\u00f3n, vinculando el conocimiento universitario con las necesidades reales de los productores.<\/p>\n<p class=\"wp-block-paragraph\">Tambi\u00e9n contempla capacitaci\u00f3n y programas de posgrado para el sector ganadero, as\u00ed como espacios para que estudiantes y docentes realicen pr\u00e1cticas profesionales, servicio social y estancias de investigaci\u00f3n.<\/p>\n<p class=\"wp-block-paragraph\">Con vigencia inicial hasta 2028, el convenio consolida la coordinaci\u00f3n entre el Gobierno del Estado, la UAT y los productores para impulsar un campo m\u00e1s competitivo, productivo y sustentable.<\/p>\n<p class=\"wp-block-paragraph\">Y SEGUIMOS CABALGANDO\u2026,El alcalde de Matamoros, Beto Granados, acompa\u00f1\u00f3 al gobernador Am\u00e9rico Villarreal Anaya durante la Cabalgata de la Unidad, realizada en Ciudad Victoria para respaldar la soberan\u00eda y la transformaci\u00f3n de M\u00e9xico.<br \/>\nEn el recorrido participaron m\u00e1s de 2 mil 100 jinetes de todo Tamaulipas, entre ellos una delegaci\u00f3n de m\u00e1s de 150 cabalgantes de Matamoros. Tambi\u00e9n asistieron alcaldes, legisladores, funcionarios, representantes de sectores productivos y asociaciones de charros.<\/p>\n<p class=\"wp-block-paragraph\">Am\u00e9rico Villarreal llam\u00f3 a fortalecer la unidad y continuar trabajando por el desarrollo de Tamaulipas y del pa\u00eds, en atenci\u00f3n a la convocatoria de la presidenta Claudia Sheinbaum Pardo.<\/p>\n<p class=\"wp-block-paragraph\">Con su participaci\u00f3n, Beto Granados refrend\u00f3 el respaldo de Matamoros al gobernador y al proyecto nacional encabezado por la presidenta de M\u00e9xico.<\/p>\n","protected":false},"excerpt":{"rendered":"<p>A MI MANERA Por Tello Montes La Cabalgata de la Unidad convirti\u00f3 las calles de Ciudad Victoria en escenario de una amplia movilizaci\u00f3n en respaldo al gobernador Am\u00e9rico Villarreal Anaya y al proyecto nacional encabezado por la presidenta Claudia Sheinbaum Pardo. M\u00e1s de 2 mil 100 cabalgantes provenientes de distintas regiones recorrieron las principales vialidades [&hellip;]<\/p>\n","protected":false},"author":1,"featured_media":192400,"comment_status":"closed","ping_status":"closed","sticky":false,"template":"","format":"standard","meta":{"footnotes":""},"categories":[16],"tags":[],"class_list":["post-227518","post","type-post","status-publish","format-standard","has-post-thumbnail","hentry","category-opinion"],"_links":{"self":[{"href":"https:\/\/www.elsinodaldetamaulipas.com.mx\/index.php?rest_route=\/wp\/v2\/posts\/227518","targetHints":{"allow":["GET"]}}],"collection":[{"href":"https:\/\/www.elsinodaldetamaulipas.com.mx\/index.php?rest_route=\/wp\/v2\/posts"}],"about":[{"href":"https:\/\/www.elsinodaldetamaulipas.com.mx\/index.php?rest_route=\/wp\/v2\/types\/post"}],"author":[{"embeddable":true,"href":"https:\/\/www.elsinodaldetamaulipas.com.mx\/index.php?rest_route=\/wp\/v2\/users\/1"}],"replies":[{"embeddable":true,"href":"https:\/\/www.elsinodaldetamaulipas.com.mx\/index.php?rest_route=%2Fwp%2Fv2%2Fcomments&post=227518"}],"version-history":[{"count":1,"href":"https:\/\/www.elsinodaldetamaulipas.com.mx\/index.php?rest_route=\/wp\/v2\/posts\/227518\/revisions"}],"predecessor-version":[{"id":227520,"href":"https:\/\/www.elsinodaldetamaulipas.com.mx\/index.php?rest_route=\/wp\/v2\/posts\/227518\/revisions\/227520"}],"wp:featuredmedia":[{"embeddable":true,"href":"https:\/\/www.elsinodaldetamaulipas.com.mx\/index.php?rest_route=\/wp\/v2\/media\/192400"}],"wp:attachment":[{"href":"https:\/\/www.elsinodaldetamaulipas.com.mx\/index.php?rest_route=%2Fwp%2Fv2%2Fmedia&parent=227518"}],"wp:term":[{"taxonomy":"category","embeddable":true,"href":"https:\/\/www.elsinodaldetamaulipas.com.mx\/index.php?rest_route=%2Fwp%2Fv2%2Fcategories&post=227518"},{"taxonomy":"post_tag","embeddable":true,"href":"https:\/\/www.elsinodaldetamaulipas.com.mx\/index.php?rest_route=%2Fwp%2Fv2%2Ftags&post=227518"}],"curies":[{"name":"wp","href":"https:\/\/api.w.org\/{rel}","templated":true}]}}