{"id":227522,"date":"2026-09-01T21:29:04","date_gmt":"2026-09-02T01:29:04","guid":{"rendered":"https:\/\/www.elsinodaldetamaulipas.com.mx\/?p=227522"},"modified":"2026-09-01T21:29:09","modified_gmt":"2026-09-02T01:29:09","slug":"cabeza-traidor-a-la-patria","status":"publish","type":"post","link":"https:\/\/www.elsinodaldetamaulipas.com.mx\/?p=227522","title":{"rendered":"CABEZA TRAIDOR A LA PATRIA"},"content":{"rendered":"<p class=\"wp-block-paragraph\">EXPEDIENTE<\/p>\n<p class=\"wp-block-paragraph\">Azahel Jaramillo H.<\/p>\n<p class=\"wp-block-paragraph\">\n<p class=\"wp-block-paragraph\"><strong>\u00a0 \u00a0 \u00a0 \u00a0 \u00a0 \u00a0 \u00a0 \u00a0 \u00a0 \u00a0Con\u00a0 voz clara y tomo firme arremete contra el ex gobernador Francisco Garc\u00eda de Vaca:\u00a0<\/strong><\/p>\n<p class=\"wp-block-paragraph\"><strong>\u00abLa senadora Olga Sosa con voz clara y tomo firme arremete contra el ex gobernador Francisco Garc\u00eda de Vaca:\u00a0<\/strong><\/p>\n<p class=\"wp-block-paragraph\"><strong>\u00abFrancisco Garc\u00eda Cabeza de Vaca eres un pr\u00f3fugo de la Justicia, con orden de aprehensi\u00f3n y una solicitud de extradici\u00f3n. Esos son hechos. El pueblo de Tamaulipas tiene memoria y recuerda el oscuro pasado de tu gobierno: Corrupci\u00f3n rampante, abuso de autoridad, desvi\u00f3 de recursos, aumento de la deuda p\u00fablica\u00bb.\u00a0<\/strong><\/p>\n<p class=\"wp-block-paragraph\"><strong>\u00a0 \u00a0 \u00a0Y con dedo de fuego, expresa Olga Sosa: \u00abTu gobierno da\u00f1\u00f3 a muchas familias en Tamaulipas ocasionando dolor y desesperanza\u2026 \u00a1por eso hoy nadie te defiende, nadie!2<\/strong><\/p>\n<p class=\"wp-block-paragraph\"><strong>Enfundada en blusa blanca y pantal\u00f3n blanco, junto a una bandera mexicana y junto a una bandera con el Escudo de Tamaulipas\u00bb, la senadora del partido MORENA, a\u00f1ade: \u00abHoy sigues usando mentiras para evadir la verdad y hablar de una fabricaci\u00f3n de una persecuci\u00f3n pol\u00edtica para no responder ante la Justicia en M\u00e9xico te dices v\u00edctima, cuando no lo eres!\u00bb<\/strong><\/p>\n<p class=\"wp-block-paragraph\"><strong>\u00a0Eres un mit\u00f3mano que piensa que los videos sustituyen a la Justicia y est\u00e1n por encima de la Ley. Y no, no es as\u00ed. Ven a M\u00e9xicooooo a responder cada uno de los se\u00f1alamientos existentes. Tamaulipas merece verdad y justicia . En Tamaulipas tenemos claro que la Historia te h juzgado. \u00a1Eres el peor Gobernador que hemos tenido. Y el pueblo de M\u00e9xico sabe de tu proselitismo en contra de nuestra naci\u00f3n. \u00a1Eres un traidor a la Patria!.\u00a0<\/strong><\/p>\n<p class=\"wp-block-paragraph\"><strong>UAT A LA VANGUARDIA<\/strong><\/p>\n<p class=\"wp-block-paragraph\"><strong>En este inicio de semana estudiantes de la Universidad Autonoma de Tamaulipas que lidera el rector D\u00e1maso Anaya Alvarado formalizaron su inscripci\u00f3n al Programa de Incubaci\u00f3n de Empresas de Base Tecnologica del convenio 2026 del Consejo Tamaulipeco de Ciencia y Tecnologia, COTACYT.<\/strong><\/p>\n<p class=\"wp-block-paragraph\"><strong>As\u00ed estudiantes de diversas regiones del estado encabezan la creacion de propuestas clave en disciplinas de la ciencia.<\/strong><\/p>\n<p class=\"wp-block-paragraph\"><strong>Entre las escuelas universitarias que participan en este gran proyecto estan la Facultad de Ingenier\u00eda Tampico, Facultad de Ingenieria y Ciencias campus Victoria, Facultad de Trabajo Social Victoria y Facultad de Comercio y Administraci\u00f3n Victoria. NOS VEMOS.<\/strong><\/p>\n","protected":false},"excerpt":{"rendered":"<p>EXPEDIENTE Azahel Jaramillo H. \u00a0 \u00a0 \u00a0 \u00a0 \u00a0 \u00a0 \u00a0 \u00a0 \u00a0 \u00a0Con\u00a0 voz clara y tomo firme arremete contra el ex gobernador Francisco Garc\u00eda de Vaca:\u00a0 \u00abLa senadora Olga Sosa con voz clara y tomo firme arremete contra el ex gobernador Francisco Garc\u00eda de Vaca:\u00a0 \u00abFrancisco Garc\u00eda Cabeza de Vaca eres un pr\u00f3fugo [&hellip;]<\/p>\n","protected":false},"author":1,"featured_media":227524,"comment_status":"closed","ping_status":"closed","sticky":false,"template":"","format":"standard","meta":{"footnotes":""},"categories":[16],"tags":[],"class_list":["post-227522","post","type-post","status-publish","format-standard","has-post-thumbnail","hentry","category-opinion"],"_links":{"self":[{"href":"https:\/\/www.elsinodaldetamaulipas.com.mx\/index.php?rest_route=\/wp\/v2\/posts\/227522","targetHints":{"allow":["GET"]}}],"collection":[{"href":"https:\/\/www.elsinodaldetamaulipas.com.mx\/index.php?rest_route=\/wp\/v2\/posts"}],"about":[{"href":"https:\/\/www.elsinodaldetamaulipas.com.mx\/index.php?rest_route=\/wp\/v2\/types\/post"}],"author":[{"embeddable":true,"href":"https:\/\/www.elsinodaldetamaulipas.com.mx\/index.php?rest_route=\/wp\/v2\/users\/1"}],"replies":[{"embeddable":true,"href":"https:\/\/www.elsinodaldetamaulipas.com.mx\/index.php?rest_route=%2Fwp%2Fv2%2Fcomments&post=227522"}],"version-history":[{"count":1,"href":"https:\/\/www.elsinodaldetamaulipas.com.mx\/index.php?rest_route=\/wp\/v2\/posts\/227522\/revisions"}],"predecessor-version":[{"id":227525,"href":"https:\/\/www.elsinodaldetamaulipas.com.mx\/index.php?rest_route=\/wp\/v2\/posts\/227522\/revisions\/227525"}],"wp:featuredmedia":[{"embeddable":true,"href":"https:\/\/www.elsinodaldetamaulipas.com.mx\/index.php?rest_route=\/wp\/v2\/media\/227524"}],"wp:attachment":[{"href":"https:\/\/www.elsinodaldetamaulipas.com.mx\/index.php?rest_route=%2Fwp%2Fv2%2Fmedia&parent=227522"}],"wp:term":[{"taxonomy":"category","embeddable":true,"href":"https:\/\/www.elsinodaldetamaulipas.com.mx\/index.php?rest_route=%2Fwp%2Fv2%2Fcategories&post=227522"},{"taxonomy":"post_tag","embeddable":true,"href":"https:\/\/www.elsinodaldetamaulipas.com.mx\/index.php?rest_route=%2Fwp%2Fv2%2Ftags&post=227522"}],"curies":[{"name":"wp","href":"https:\/\/api.w.org\/{rel}","templated":true}]}}