{"id":227536,"date":"2026-09-01T21:58:53","date_gmt":"2026-09-02T01:58:53","guid":{"rendered":"https:\/\/www.elsinodaldetamaulipas.com.mx\/?p=227536"},"modified":"2026-09-01T21:58:53","modified_gmt":"2026-09-02T01:58:53","slug":"bajan-homicidios-como-esta-la-economia","status":"publish","type":"post","link":"https:\/\/www.elsinodaldetamaulipas.com.mx\/?p=227536","title":{"rendered":"BAJAN HOMICIDIOS&#8230; \u00bfC\u00d3MO EST\u00c1 LA ECONOM\u00cdA?"},"content":{"rendered":"<p class=\"wp-block-paragraph\">\u00a0\u00a0\u00a0\u00a0\u00a0\u00a0\u00a0\u00a0 La presidenta Claudia Sheinbaum Pardo asegur\u00f3 que los homicidios bajaron en un 54% desde el 2018 durante su Segundo Informe de Gobierno, celerado ayer en Palacio Nacional, en donde resalt\u00f3 que en julio del 2026 se report\u00f3 el promedio m\u00e1s bajo de delitos de alto impacto desde hace 11 a\u00f1os, sin embargo, la econom\u00eda se encuentra estancada porque no hay nuevas inversiones que impulsen en forma sostenida el desarrollo del pa\u00eds.<\/p>\n<p class=\"wp-block-paragraph\">\u00a0\u00a0\u00a0\u00a0\u00a0\u00a0\u00a0\u00a0 Y como dijo que el expresidente Bill Clinton durante su campa\u00f1a presidencial en 1992, es \u201cLa Econom\u00eda, est\u00fapido\u201d, cuya frase pas\u00f3 a la historia porque gan\u00f3 la contienda a pesar de la enorme popularidad de George Bush padre, que buscaba la reelecci\u00f3n tras poner fin a la guerra fr\u00eda con la ca\u00edda del Muro de Berl\u00edn y acab\u00f3 con la primera Guerra del Golfo<\/p>\n<p class=\"wp-block-paragraph\">\u00a0\u00a0\u00a0\u00a0\u00a0\u00a0\u00a0\u00a0 No hay duda de que la sociedad mexicana tiene la esperanza de recobrar la paz y la tranquilidad que se viv\u00eda antes del 2018, pero tambi\u00e9n existe una profunda preocupaci\u00f3n por la situaci\u00f3n la econom\u00eda, sobre todo cuando el salario familiar ya no alcanza para satisfacer las necesidades b\u00e1sicas.<\/p>\n<p class=\"wp-block-paragraph\">\u00a0\u00a0\u00a0\u00a0\u00a0\u00a0\u00a0\u00a0 Hay datos financieros que reflejan la situaci\u00f3n de la econom\u00eda no anda bien, como es el caso de la deuda p\u00fablica del sector p\u00fablico federal que en julio pasado se ubic\u00f3 en poco m\u00e1s de 20 billones 603 millones de pesos, un incremento de 32.6% con respecto a diciembre de 2018.<\/p>\n<p class=\"wp-block-paragraph\">\u00a0\u00a0\u00a0\u00a0\u00a0\u00a0\u00a0\u00a0 Tambi\u00e9n hay otro dato preocupante de la econom\u00eda que dio a conocer recientemente la Secretar\u00eda de Hacienda y Cr\u00e9dito P\u00fablico (SHCP), que encabeza \u00c9dgar Amador Zamora, puesto que reconoci\u00f3 que bajo la recaudaci\u00f3n del Impuesto Sobre la Renta (ISR) en un 6% de enero a julio, que refleja una p\u00e9rdida del poder adquisitivo de la poblaci\u00f3n.<\/p>\n<p class=\"wp-block-paragraph\">\u00a0\u00a0\u00a0\u00a0\u00a0\u00a0\u00a0\u00a0 A pesar de estos datos financieros, la presidenta Sheinbaum Pardo\u00a0\u00a0 dijo que la econom\u00eda est\u00e1 estable, incluso destac\u00f3 la reducci\u00f3n del gasto corriente en 200 mil millones de pesos en comparaci\u00f3n con 2024, cuyo ahorro se logr\u00f3 sin afectar las \u00e1reas sustantivas.<\/p>\n<p class=\"wp-block-paragraph\">\u00a0\u00a0\u00a0\u00a0\u00a0\u00a0\u00a0\u00a0 Se esperan m\u00e1s datos acerca de la econom\u00eda ahora que el titular de la SCHP, Amador Zamora entregu\u00e9 el Paquete Econ\u00f3mico 2027 a la C\u00e1mara de Diputados, evento programado para el pr\u00f3ximo 8 de diciembre para que sea discutido y analizado por los legisladores federales.<\/p>\n<p class=\"wp-block-paragraph\">\u00a0\u00a0\u00a0\u00a0\u00a0\u00a0\u00a0\u00a0 En otro tema, la encargada de la Secretar\u00eda de Investigaci\u00f3n y Posgrado de la UAT, Evelia Res\u00e9ndez Balderas, en representaci\u00f3n del rector D\u00e1maso Anaya Alvarado, encabez\u00f3 la firma de convenios de 17 nuevos proyectos de investigaci\u00f3n que han sido seleccionados en la Convocatoria 2026, titulada \u201cImpulso a la Investigaci\u00f3n Cient\u00edfica, Tecnol\u00f3gica y Human\u00edstica\u201d.<\/p>\n<p class=\"wp-block-paragraph\">\u00a0\u00a0\u00a0\u00a0\u00a0\u00a0\u00a0\u00a0 Los convenios aprobados son de las \u00e1reas de Medicina y Ciencias de la Salud; Biolog\u00eda y Qu\u00edmica; Ciencias Sociales; Ingenier\u00edas y Desarrollo Tecnol\u00f3gico; Ciencias de la Agricultura, Agropecuaria, Forestales y de Ecosistemas; Ciencias de la Conducta y la Educaci\u00f3n; F\u00edsico-Matem\u00e1ticas y Ciencia de la Tierra; Interdisciplinaria y Humanidades.<\/p>\n<p class=\"wp-block-paragraph\">\u00a0\u00a0\u00a0\u00a0\u00a0\u00a0\u00a0\u00a0 La ceremonia de la firma de convenios se llev\u00f3 a cabo en el Centro de Gesti\u00f3n del Conocimiento del Campus Victoria, en donde asistieron los responsables t\u00e9cnicos de cada uno de los proyectos, adem\u00e1s de los directores de las distintas facultades y escuelas.<\/p>\n<p class=\"wp-block-paragraph\">\u00a0\u00a0\u00a0\u00a0\u00a0\u00a0\u00a0\u00a0 En su intervenci\u00f3n, la doctora Res\u00e9ndez Balderas enfatiz\u00f3 ante la titular de la Secretar\u00eda Acad\u00e9mica, Rosa Issel Acosta Gonz\u00e1lez y de la directora de Investigaci\u00f3n, Dora Mar\u00eda Llado L\u00e1rraga, que este acto refleja la convicci\u00f3n institucional de que invertir en la generaci\u00f3n de nuevo conocimiento es apostar por el futuro de la UAT y de Tamaulipas.<\/p>\n<p class=\"wp-block-paragraph\">Por la zona norte participaron representantes de las Unidades Acad\u00e9micas Multidisciplinarias Reynosa Aztl\u00e1n y Reynosa Rodhe; por la zona centro asistieron representantes de las Facultades de Medicina Veterinaria y Zootecnia, Ciencias de la Educaci\u00f3n y Humanidades, Ingenier\u00eda y Ciencias, y la Facultad de Comercio y Administraci\u00f3n Victoria; mientras que por el campus sur firmaron los representantes de las Facultades de Ingenier\u00eda Tampico, de Arquitectura, Dise\u00f1o y Urbanismo, y de Odontolog\u00eda.<\/p>\n<p class=\"wp-block-paragraph\">\u00a0\u00a0\u00a0\u00a0\u00a0\u00a0\u00a0\u00a0 Antes de concluir la presente colaboraci\u00f3n, les quiero comentar que el Consejo General del Instituto Nacional Electoral (INE), que preside Guadalupe Taddei Zavala, parece tener la consigna de frenar la participaci\u00f3n del nuevo partido pol\u00edtico \u201cSomos\u201d, puesto que primero rechaz\u00f3 que su emblema llevar\u00e1 el nombre de \u201cSomos M\u00e9xico\u201d, que utiliz\u00f3 por m\u00e1s de 20 meses para conseguir el registro como partido pol\u00edtico, pero ahora tampoco le gust\u00f3 que utilizar\u00e1 un mapa de la rep\u00fablica mexicana porque argumentan que generar\u00eda una ventaja indebida frente a otras fuerzas pol\u00edticas. De nada servir\u00e1n todas est\u00e1s argucias porque la ciudadan\u00eda ejercer\u00e1 su derecho de votar por esta nueva opci\u00f3n pol\u00edtica.<\/p>\n<p class=\"wp-block-paragraph\">Correo electr\u00f3nico:\u00a0<a href=\"mailto:jagovea_53@yahoo.com\" target=\"_blank\" rel=\"noopener\">jagovea_53@yahoo.com<\/a><\/p>\n","protected":false},"excerpt":{"rendered":"<p>\u00a0\u00a0\u00a0\u00a0\u00a0\u00a0\u00a0\u00a0 La presidenta Claudia Sheinbaum Pardo asegur\u00f3 que los homicidios bajaron en un 54% desde el 2018 durante su Segundo Informe de Gobierno, celerado ayer en Palacio Nacional, en donde resalt\u00f3 que en julio del 2026 se report\u00f3 el promedio m\u00e1s bajo de delitos de alto impacto desde hace 11 a\u00f1os, sin embargo, la econom\u00eda [&hellip;]<\/p>\n","protected":false},"author":1,"featured_media":214926,"comment_status":"closed","ping_status":"closed","sticky":false,"template":"","format":"standard","meta":{"footnotes":""},"categories":[16],"tags":[],"class_list":["post-227536","post","type-post","status-publish","format-standard","has-post-thumbnail","hentry","category-opinion"],"_links":{"self":[{"href":"https:\/\/www.elsinodaldetamaulipas.com.mx\/index.php?rest_route=\/wp\/v2\/posts\/227536","targetHints":{"allow":["GET"]}}],"collection":[{"href":"https:\/\/www.elsinodaldetamaulipas.com.mx\/index.php?rest_route=\/wp\/v2\/posts"}],"about":[{"href":"https:\/\/www.elsinodaldetamaulipas.com.mx\/index.php?rest_route=\/wp\/v2\/types\/post"}],"author":[{"embeddable":true,"href":"https:\/\/www.elsinodaldetamaulipas.com.mx\/index.php?rest_route=\/wp\/v2\/users\/1"}],"replies":[{"embeddable":true,"href":"https:\/\/www.elsinodaldetamaulipas.com.mx\/index.php?rest_route=%2Fwp%2Fv2%2Fcomments&post=227536"}],"version-history":[{"count":1,"href":"https:\/\/www.elsinodaldetamaulipas.com.mx\/index.php?rest_route=\/wp\/v2\/posts\/227536\/revisions"}],"predecessor-version":[{"id":227537,"href":"https:\/\/www.elsinodaldetamaulipas.com.mx\/index.php?rest_route=\/wp\/v2\/posts\/227536\/revisions\/227537"}],"wp:featuredmedia":[{"embeddable":true,"href":"https:\/\/www.elsinodaldetamaulipas.com.mx\/index.php?rest_route=\/wp\/v2\/media\/214926"}],"wp:attachment":[{"href":"https:\/\/www.elsinodaldetamaulipas.com.mx\/index.php?rest_route=%2Fwp%2Fv2%2Fmedia&parent=227536"}],"wp:term":[{"taxonomy":"category","embeddable":true,"href":"https:\/\/www.elsinodaldetamaulipas.com.mx\/index.php?rest_route=%2Fwp%2Fv2%2Fcategories&post=227536"},{"taxonomy":"post_tag","embeddable":true,"href":"https:\/\/www.elsinodaldetamaulipas.com.mx\/index.php?rest_route=%2Fwp%2Fv2%2Ftags&post=227536"}],"curies":[{"name":"wp","href":"https:\/\/api.w.org\/{rel}","templated":true}]}}