{"id":227541,"date":"2026-09-01T22:10:56","date_gmt":"2026-09-02T02:10:56","guid":{"rendered":"https:\/\/www.elsinodaldetamaulipas.com.mx\/?p=227541"},"modified":"2026-09-01T22:10:56","modified_gmt":"2026-09-02T02:10:56","slug":"por-fin-capturan-a-doble-feminicida","status":"publish","type":"post","link":"https:\/\/www.elsinodaldetamaulipas.com.mx\/?p=227541","title":{"rendered":"POR FIN, CAPTURAN A DOBLE FEMINICIDA"},"content":{"rendered":"<p><em><strong>Por Julio Manuel Loya Guzm\u00e1n\/EL SINODAL DE TAMAULIPAS<\/strong><\/em><br \/>\nCd. Victoria, Tamaulipas.\u2014 La justicia alcanz\u00f3 en la frontera a Fernando \u201cN\u201d, se\u00f1alado como presunto responsable del asesinato de las hermanas gemelas Dinorah y Denisse Garc\u00eda Cruz, de 21 a\u00f1os, ocurrido el pasado 26 de julio en el #pobladocontrol, municipio de #Matamoros.<\/p>\n<p>El sospechoso fue entregado por autoridades de Estados Unidos y detenido en el Puente Internacional #NuevoProgreso, donde qued\u00f3 a disposici\u00f3n de la Fiscal\u00eda General de Justicia de Tamaulipas.<\/p>\n<p>Las hermanas fueron asesinadas a pu\u00f1aladas, en un crimen que estremeci\u00f3 a la comunidad y que ahora tiene a un primer acusado ante la justicia.<\/p>\n<p>De acuerdo con la Fiscal\u00eda estatal, Fernando \u201cN\u201d enfrenta una acusaci\u00f3n por feminicidio y fue presentado ante un juez de control, quien deber\u00e1 determinar su situaci\u00f3n jur\u00eddica.<\/p>\n<p>La captura se concret\u00f3 luego de que autoridades estadounidenses entregaran al se\u00f1alado a las autoridades mexicanas.<\/p>\n<p>El detenido es considerado probable responsable, por lo que corresponder\u00e1 al Ministerio P\u00fablico aportar ante el juez los elementos de prueba que sustenten la acusaci\u00f3n.<\/p>\n<p>El doble asesinato ocurri\u00f3 el 26 de julio en Control, donde las j\u00f3venes gemelas fueron privadas de la vida con arma blanca.<\/p>\n<p>Con la detenci\u00f3n de Fernando \u201cN\u201d, la investigaci\u00f3n entra ahora en una etapa judicial para esclarecer el crimen y determinar su eventual responsabilidad en el asesinato de las dos hermanas.<\/p>\n","protected":false},"excerpt":{"rendered":"<p>Por Julio Manuel Loya Guzm\u00e1n\/EL SINODAL DE TAMAULIPAS Cd. Victoria, Tamaulipas.\u2014 La justicia alcanz\u00f3 en la frontera a Fernando \u201cN\u201d, se\u00f1alado como presunto responsable del asesinato de las hermanas gemelas Dinorah y Denisse Garc\u00eda Cruz, de 21 a\u00f1os, ocurrido el pasado 26 de julio en el #pobladocontrol, municipio de #Matamoros. El sospechoso fue entregado por [&hellip;]<\/p>\n","protected":false},"author":1,"featured_media":227543,"comment_status":"closed","ping_status":"closed","sticky":false,"template":"","format":"standard","meta":{"footnotes":""},"categories":[25,1],"tags":[],"class_list":["post-227541","post","type-post","status-publish","format-standard","has-post-thumbnail","hentry","category-leyyorden","category-portada"],"_links":{"self":[{"href":"https:\/\/www.elsinodaldetamaulipas.com.mx\/index.php?rest_route=\/wp\/v2\/posts\/227541","targetHints":{"allow":["GET"]}}],"collection":[{"href":"https:\/\/www.elsinodaldetamaulipas.com.mx\/index.php?rest_route=\/wp\/v2\/posts"}],"about":[{"href":"https:\/\/www.elsinodaldetamaulipas.com.mx\/index.php?rest_route=\/wp\/v2\/types\/post"}],"author":[{"embeddable":true,"href":"https:\/\/www.elsinodaldetamaulipas.com.mx\/index.php?rest_route=\/wp\/v2\/users\/1"}],"replies":[{"embeddable":true,"href":"https:\/\/www.elsinodaldetamaulipas.com.mx\/index.php?rest_route=%2Fwp%2Fv2%2Fcomments&post=227541"}],"version-history":[{"count":1,"href":"https:\/\/www.elsinodaldetamaulipas.com.mx\/index.php?rest_route=\/wp\/v2\/posts\/227541\/revisions"}],"predecessor-version":[{"id":227544,"href":"https:\/\/www.elsinodaldetamaulipas.com.mx\/index.php?rest_route=\/wp\/v2\/posts\/227541\/revisions\/227544"}],"wp:featuredmedia":[{"embeddable":true,"href":"https:\/\/www.elsinodaldetamaulipas.com.mx\/index.php?rest_route=\/wp\/v2\/media\/227543"}],"wp:attachment":[{"href":"https:\/\/www.elsinodaldetamaulipas.com.mx\/index.php?rest_route=%2Fwp%2Fv2%2Fmedia&parent=227541"}],"wp:term":[{"taxonomy":"category","embeddable":true,"href":"https:\/\/www.elsinodaldetamaulipas.com.mx\/index.php?rest_route=%2Fwp%2Fv2%2Fcategories&post=227541"},{"taxonomy":"post_tag","embeddable":true,"href":"https:\/\/www.elsinodaldetamaulipas.com.mx\/index.php?rest_route=%2Fwp%2Fv2%2Ftags&post=227541"}],"curies":[{"name":"wp","href":"https:\/\/api.w.org\/{rel}","templated":true}]}}