{"id":227553,"date":"2026-09-02T21:31:27","date_gmt":"2026-09-03T01:31:27","guid":{"rendered":"https:\/\/www.elsinodaldetamaulipas.com.mx\/?p=227553"},"modified":"2026-09-02T21:34:27","modified_gmt":"2026-09-03T01:34:27","slug":"septiembre-mes-del-testamento-2","status":"publish","type":"post","link":"https:\/\/www.elsinodaldetamaulipas.com.mx\/?p=227553","title":{"rendered":"SEPTIEMBRE, MES DEL TESTAMENTO"},"content":{"rendered":"<p><em><strong>Por Gil Vicente Galindo\/EK SINODAL DE TAMAULIPAS<\/strong><\/em><br \/>\nReynosa,m Tam. -No dejes para ma\u00f1ana, protege a los que m\u00e1s quieres y no hay como dejar todo en regla de tus bienes a trav\u00e9s del testamento que es un acto de responsabilidad y amor para cuando no est\u00e9s.<br \/>\nNotarios p\u00fablicos de todo el pa\u00eds participan en este programa de la secretar\u00eda de gobernaci\u00f3n en su edici\u00f3n XXIV, lo que se busca es evitar problemas judiciales entre la propia familia.<br \/>\nDesde el a\u00f1o 2003, la Secretar\u00eda de Gobernaci\u00f3n y el Notariado Mexicano colaboran para fomentar la cultura del testamento en el pa\u00eds. El objetivo de esta alianza es dar certeza jur\u00eddica y proteger el derecho de las personas a recibir una herencia de manera segura y ordenada.<br \/>\nClaro que existen otros planes como la donaci\u00f3n en vida a sus familiares y otro es a trav\u00e9s del \u201cusufructo vitalicio\u201d, que eres due\u00f1o de la vivienda hasta que dejes esta vida.<br \/>\nLa mayor\u00eda de los notarios p\u00fablicos del pa\u00eds, abren sus puertas los s\u00e1bados y as\u00ed ampliar las posibilidades, en algunos estados extienden el programa al mes de octubre. Ten la certeza de que tu voluntad ser\u00e1 respetada y tus seres queridos quedar\u00e1n protegidos.<\/p>\n","protected":false},"excerpt":{"rendered":"<p>Por Gil Vicente Galindo\/EK SINODAL DE TAMAULIPAS Reynosa,m Tam. -No dejes para ma\u00f1ana, protege a los que m\u00e1s quieres y no hay como dejar todo en regla de tus bienes a trav\u00e9s del testamento que es un acto de responsabilidad y amor para cuando no est\u00e9s. Notarios p\u00fablicos de todo el pa\u00eds participan en este [&hellip;]<\/p>\n","protected":false},"author":1,"featured_media":227556,"comment_status":"closed","ping_status":"closed","sticky":false,"template":"","format":"standard","meta":{"footnotes":""},"categories":[1,2],"tags":[],"class_list":["post-227553","post","type-post","status-publish","format-standard","has-post-thumbnail","hentry","category-portada","category-reynosa"],"_links":{"self":[{"href":"https:\/\/www.elsinodaldetamaulipas.com.mx\/index.php?rest_route=\/wp\/v2\/posts\/227553","targetHints":{"allow":["GET"]}}],"collection":[{"href":"https:\/\/www.elsinodaldetamaulipas.com.mx\/index.php?rest_route=\/wp\/v2\/posts"}],"about":[{"href":"https:\/\/www.elsinodaldetamaulipas.com.mx\/index.php?rest_route=\/wp\/v2\/types\/post"}],"author":[{"embeddable":true,"href":"https:\/\/www.elsinodaldetamaulipas.com.mx\/index.php?rest_route=\/wp\/v2\/users\/1"}],"replies":[{"embeddable":true,"href":"https:\/\/www.elsinodaldetamaulipas.com.mx\/index.php?rest_route=%2Fwp%2Fv2%2Fcomments&post=227553"}],"version-history":[{"count":1,"href":"https:\/\/www.elsinodaldetamaulipas.com.mx\/index.php?rest_route=\/wp\/v2\/posts\/227553\/revisions"}],"predecessor-version":[{"id":227555,"href":"https:\/\/www.elsinodaldetamaulipas.com.mx\/index.php?rest_route=\/wp\/v2\/posts\/227553\/revisions\/227555"}],"wp:featuredmedia":[{"embeddable":true,"href":"https:\/\/www.elsinodaldetamaulipas.com.mx\/index.php?rest_route=\/wp\/v2\/media\/227556"}],"wp:attachment":[{"href":"https:\/\/www.elsinodaldetamaulipas.com.mx\/index.php?rest_route=%2Fwp%2Fv2%2Fmedia&parent=227553"}],"wp:term":[{"taxonomy":"category","embeddable":true,"href":"https:\/\/www.elsinodaldetamaulipas.com.mx\/index.php?rest_route=%2Fwp%2Fv2%2Fcategories&post=227553"},{"taxonomy":"post_tag","embeddable":true,"href":"https:\/\/www.elsinodaldetamaulipas.com.mx\/index.php?rest_route=%2Fwp%2Fv2%2Ftags&post=227553"}],"curies":[{"name":"wp","href":"https:\/\/api.w.org\/{rel}","templated":true}]}}