{"id":227582,"date":"2026-09-03T10:38:41","date_gmt":"2026-09-03T14:38:41","guid":{"rendered":"https:\/\/www.elsinodaldetamaulipas.com.mx\/?p=227582"},"modified":"2026-09-03T10:38:41","modified_gmt":"2026-09-03T14:38:41","slug":"la-agenda-de-olga-sosa-y-la-realidad-de-tamaulipas","status":"publish","type":"post","link":"https:\/\/www.elsinodaldetamaulipas.com.mx\/?p=227582","title":{"rendered":"LA AGENDA DE OLGA SOSA Y LA REALIDAD DE TAMAULIPAS"},"content":{"rendered":"<h3>Mientras el estado enfrenta problemas de agua, contaminaci\u00f3n, pesca, campo y desarrollo fronterizo, la senadora llev\u00f3 a la tribuna una iniciativa para mantener unidas las tapas a las botellas de pl\u00e1stico.<\/h3>\n<p><em>Mart\u00edn D\u00edaz \/ Periodismo con Firma<\/em><br \/>\nDespu\u00e9s de su iniciativa para ponerle una \u201cA\u201d a la palabra Presidenta, de Olga Sosa pod\u00edamos esperar cualquier cosa.<\/p>\n<p>Sali\u00f3 muy buena para los recorridos y la selfie por todo el estado, pero sus iniciativas todav\u00eda est\u00e1n lejos del tama\u00f1o de los problemas que enfrenta Tamaulipas.<\/p>\n<p>Ahora subi\u00f3 a la tribuna del Senado para presentar una reforma que obligar\u00eda a fabricar las botellas de pl\u00e1stico de manera que sus tapas permanezcan unidas durante su utilizaci\u00f3n.<\/p>\n<p>Dicho en lenguaje parlamentario, es una propuesta para combatir la contaminaci\u00f3n. Dicho en lenguaje de barrio: quiere que ya no se pierdan las corcholatas.<\/p>\n<p>La propuesta no es absurda. Mantener la tapa pegada al envase facilita que ambas sean recolectadas y reduce la posibilidad de que ese peque\u00f1o pl\u00e1stico termine en calles, r\u00edos, playas o en el mar.<\/p>\n<p>El problema no est\u00e1 solamente en lo que propone, sino en el tama\u00f1o pol\u00edtico que intenta darle.<\/p>\n<p>La medida tampoco es novedosa. La Uni\u00f3n Europea la aprob\u00f3 desde 2019 y la convirti\u00f3 en obligaci\u00f3n a partir de julio de 2024 para determinados envases de bebidas. Las grandes embotelladoras llevan a\u00f1os adaptando sus dise\u00f1os y l\u00edneas de producci\u00f3n.<\/p>\n<p>Olga Sosa no descubri\u00f3 el hilo negro. Apenas encontr\u00f3 la tapa.<\/p>\n<p>Adem\u00e1s, una botella con la tapa pegada sigue siendo basura cuando no existe una recolecci\u00f3n eficiente, separaci\u00f3n de residuos, plantas recicladoras suficientes ni responsabilidad efectiva de los fabricantes.<\/p>\n<p>La iniciativa puede evitar que la tapa se separe, pero no garantiza que el envase llegue a reciclarse. Si la botella termina abandonada en la calle, la corcholata llegar\u00e1 muy bien acompa\u00f1ada al mismo basurero.<\/p>\n<p>En su presentaci\u00f3n p\u00fablica tampoco explic\u00f3 cu\u00e1nto costar\u00e1 modificar los procesos de producci\u00f3n, qu\u00e9 plazo tendr\u00edan las empresas para hacerlo, qu\u00e9 autoridad vigilar\u00eda el cumplimiento ni cu\u00e1les ser\u00edan las sanciones.<\/p>\n<p>Sin plazos, vigilancia y consecuencias, la reforma corre el riesgo de quedarse en una buena intenci\u00f3n ambiental convertida en material para Facebook.<\/p>\n<p>Pero cabe preguntar: \u00bfesa es la dimensi\u00f3n de los problemas que una senadora por Tamaulipas decidi\u00f3 llevar a la tribuna?<\/p>\n<p>El estado que representa enfrenta crisis de agua, contaminaci\u00f3n de lagunas y costas, deterioro de la infraestructura hidr\u00e1ulica, abandono del campo, dificultades para los pescadores y enormes desaf\u00edos econ\u00f3micos en la frontera.<\/p>\n<p>Frente a esa realidad, la gran noticia legislativa fue amarrarle la tapa a una botella.<\/p>\n<p>No se trata de despreciar las peque\u00f1as soluciones, sino de exigir que las prioridades legislativas tengan el tama\u00f1o de los problemas que enfrenta Tamaulipas.<\/p>\n<p>Presentar muchas iniciativas puede engordar las estad\u00edsticas personales; convertirlas en leyes \u00fatiles y atender las necesidades de quienes votaron por ella es otra cosa.<\/p>\n<p>Mientras Olga Sosa busca que las tapas no se separen de las botellas, en Tamaulipas seguimos esperando congruencia entre los problemas del estado y las iniciativas que presenta la senadora con \u201cA\u201d.<\/p>\n<p>Ah\u00ed est\u00e1n los hechos. Que cada quien saque sus conclusiones.<\/p>\n","protected":false},"excerpt":{"rendered":"<p>Mientras el estado enfrenta problemas de agua, contaminaci\u00f3n, pesca, campo y desarrollo fronterizo, la senadora llev\u00f3 a la tribuna una iniciativa para mantener unidas las tapas a las botellas de pl\u00e1stico. Mart\u00edn D\u00edaz \/ Periodismo con Firma Despu\u00e9s de su iniciativa para ponerle una \u201cA\u201d a la palabra Presidenta, de Olga Sosa pod\u00edamos esperar cualquier [&hellip;]<\/p>\n","protected":false},"author":1,"featured_media":227583,"comment_status":"closed","ping_status":"closed","sticky":false,"template":"","format":"standard","meta":{"footnotes":""},"categories":[16],"tags":[],"class_list":["post-227582","post","type-post","status-publish","format-standard","has-post-thumbnail","hentry","category-opinion"],"_links":{"self":[{"href":"https:\/\/www.elsinodaldetamaulipas.com.mx\/index.php?rest_route=\/wp\/v2\/posts\/227582","targetHints":{"allow":["GET"]}}],"collection":[{"href":"https:\/\/www.elsinodaldetamaulipas.com.mx\/index.php?rest_route=\/wp\/v2\/posts"}],"about":[{"href":"https:\/\/www.elsinodaldetamaulipas.com.mx\/index.php?rest_route=\/wp\/v2\/types\/post"}],"author":[{"embeddable":true,"href":"https:\/\/www.elsinodaldetamaulipas.com.mx\/index.php?rest_route=\/wp\/v2\/users\/1"}],"replies":[{"embeddable":true,"href":"https:\/\/www.elsinodaldetamaulipas.com.mx\/index.php?rest_route=%2Fwp%2Fv2%2Fcomments&post=227582"}],"version-history":[{"count":1,"href":"https:\/\/www.elsinodaldetamaulipas.com.mx\/index.php?rest_route=\/wp\/v2\/posts\/227582\/revisions"}],"predecessor-version":[{"id":227584,"href":"https:\/\/www.elsinodaldetamaulipas.com.mx\/index.php?rest_route=\/wp\/v2\/posts\/227582\/revisions\/227584"}],"wp:featuredmedia":[{"embeddable":true,"href":"https:\/\/www.elsinodaldetamaulipas.com.mx\/index.php?rest_route=\/wp\/v2\/media\/227583"}],"wp:attachment":[{"href":"https:\/\/www.elsinodaldetamaulipas.com.mx\/index.php?rest_route=%2Fwp%2Fv2%2Fmedia&parent=227582"}],"wp:term":[{"taxonomy":"category","embeddable":true,"href":"https:\/\/www.elsinodaldetamaulipas.com.mx\/index.php?rest_route=%2Fwp%2Fv2%2Fcategories&post=227582"},{"taxonomy":"post_tag","embeddable":true,"href":"https:\/\/www.elsinodaldetamaulipas.com.mx\/index.php?rest_route=%2Fwp%2Fv2%2Ftags&post=227582"}],"curies":[{"name":"wp","href":"https:\/\/api.w.org\/{rel}","templated":true}]}}