{"id":227587,"date":"2026-09-03T19:22:04","date_gmt":"2026-09-03T23:22:04","guid":{"rendered":"https:\/\/www.elsinodaldetamaulipas.com.mx\/?p=227587"},"modified":"2026-09-03T19:22:04","modified_gmt":"2026-09-03T23:22:04","slug":"desmiente-humberto-prieto-divergencias-en-morena","status":"publish","type":"post","link":"https:\/\/www.elsinodaldetamaulipas.com.mx\/?p=227587","title":{"rendered":"DESMIENTE HUMBERTO PRIETO DIVERGENCIAS EN MORENA"},"content":{"rendered":"<p><em><strong>Hugo Reyna \/ EL SINODAL DE TAMAULIPAS<\/strong><\/em><\/p>\n<p>Reynosa, Tam., El Coordinador de la bancada mayoritaria morenista en el Congreso Local, en concordancia con el anuncio de la Presidenta Claudia Sheinbaum en su segundo informe, reafirm\u00f3 que en Morena no existen divisiones y llam\u00f3 a quienes aspiran a participar en los pr\u00f3ximos procesos electorales, a respetar las reglas internas del partido y los resultados de las encuestas.<\/p>\n<p>&nbsp;<\/p>\n<p>A pregunta expresa sobre diferencias que han surgido entre integrantes de su partido, Humberto Prieto Herrera reconoci\u00f3 que pueden existir desacuerdos, pero sostuvo que existe un objetivo superior que mantiene unido al movimiento.<\/p>\n<p>&nbsp;<\/p>\n<p>Respecto al pr\u00f3ximo proceso de selecci\u00f3n de candidaturas, Prieto Herrera manifest\u00f3 su confianza en el m\u00e9todo de encuestas utilizado por Morena.<\/p>\n<p>&nbsp;<\/p>\n<p>Sobre los procesos electorales de 2021 y 2024, reconoci\u00f3 que existieron inconformidades en torno a la selecci\u00f3n de candidaturas, pero sostuvo que, una vez iniciadas las campa\u00f1as, los integrantes del movimiento trabajaron para respaldar a quienes aparecieron en las boletas.<\/p>\n<p>&nbsp;<\/p>\n<p>Consider\u00f3 que este mecanismo ha funcionado y argument\u00f3 que los resultados electorales obtenidos por el partido respaldan su aplicaci\u00f3n.<\/p>\n<p>&nbsp;<\/p>\n<p style=\"text-align: center;\"><strong>\u201cLas encuestas han funcionado, los resultados ah\u00ed est\u00e1n\u201d, afirm\u00f3.<\/strong><\/p>\n<p>&nbsp;<\/p>\n<p>El diputado llam\u00f3 a los aspirantes a no generar incertidumbre y a esperar los tiempos establecidos por la convocatoria.<\/p>\n<p>&nbsp;<\/p>\n<p>\u201cTodos tenemos que respetar porque, por lo mismo, hay un proyecto de naci\u00f3n y si el partido dice que es as\u00ed, pues as\u00ed ser\u00e1\u201d, puntualiz\u00f3.<\/p>\n<p>Prieto Herrera recomend\u00f3 a quienes actualmente ocupan un cargo p\u00fablico concentrarse en cumplir con la responsabilidad para la que fueron electos, en lugar de anticiparse al proceso electoral.<\/p>\n<p>&nbsp;<\/p>\n<p>\u201cNo coman ansias, sobre todo los que tenemos un cargo p\u00fablico; trabajen en su encargo, que la gente los puso ah\u00ed, no les queden mal\u201d, expres\u00f3.<\/p>\n<p>&nbsp;<\/p>\n<p>Se\u00f1al\u00f3 que quienes participen en una convocatoria deber\u00e1n aceptar sus reglas y respetar la decisi\u00f3n que resulte del procedimiento de selecci\u00f3n.<\/p>\n<p>&nbsp;<\/p>\n<p>Agreg\u00f3 que quienes no sean elegidos como candidatos tendr\u00e1n nuevas oportunidades para continuar desarrollando su carrera pol\u00edtica.<\/p>\n<p>&nbsp;<\/p>\n<p>En cuanto a los ataques que ha recibido en redes sociales por su pasado partidista, Prieto Herrera pidi\u00f3 a la ciudadan\u00eda no dar por cierta cualquier informaci\u00f3n difundida en plataformas digitales.<\/p>\n<p>&nbsp;<\/p>\n<p>\u201cMi pasado partidista ah\u00ed est\u00e1\u201d, se\u00f1al\u00f3, al recordar que muchos integrantes de Morena iniciaron sus carreras pol\u00edticas en otras fuerzas pol\u00edticas y posteriormente se incorporaron al proyecto de la Cuarta Transformaci\u00f3n.<\/p>\n<p>&nbsp;<\/p>\n<p>Pidi\u00f3 distinguir entre informaci\u00f3n period\u00edstica sustentada y publicaciones de p\u00e1ginas an\u00f3nimas, a las que calific\u00f3 como espacios que difunden informaci\u00f3n sin asumir responsabilidad sobre lo que publican.<\/p>\n<p>&nbsp;<\/p>\n<p>Finalmente, reiter\u00f3 que Morena deber\u00e1 mantener la unidad durante el proceso de selecci\u00f3n de candidaturas y que quienes aspiren a participar deben asumir desde ahora que las reglas ser\u00e1n las mismas para todos.<\/p>\n","protected":false},"excerpt":{"rendered":"<p>Hugo Reyna \/ EL SINODAL DE TAMAULIPAS Reynosa, Tam., El Coordinador de la bancada mayoritaria morenista en el Congreso Local, en concordancia con el anuncio de la Presidenta Claudia Sheinbaum en su segundo informe, reafirm\u00f3 que en Morena no existen divisiones y llam\u00f3 a quienes aspiran a participar en los pr\u00f3ximos procesos electorales, a respetar [&hellip;]<\/p>\n","protected":false},"author":1,"featured_media":227588,"comment_status":"closed","ping_status":"closed","sticky":false,"template":"","format":"standard","meta":{"footnotes":""},"categories":[1,2],"tags":[],"class_list":["post-227587","post","type-post","status-publish","format-standard","has-post-thumbnail","hentry","category-portada","category-reynosa"],"_links":{"self":[{"href":"https:\/\/www.elsinodaldetamaulipas.com.mx\/index.php?rest_route=\/wp\/v2\/posts\/227587","targetHints":{"allow":["GET"]}}],"collection":[{"href":"https:\/\/www.elsinodaldetamaulipas.com.mx\/index.php?rest_route=\/wp\/v2\/posts"}],"about":[{"href":"https:\/\/www.elsinodaldetamaulipas.com.mx\/index.php?rest_route=\/wp\/v2\/types\/post"}],"author":[{"embeddable":true,"href":"https:\/\/www.elsinodaldetamaulipas.com.mx\/index.php?rest_route=\/wp\/v2\/users\/1"}],"replies":[{"embeddable":true,"href":"https:\/\/www.elsinodaldetamaulipas.com.mx\/index.php?rest_route=%2Fwp%2Fv2%2Fcomments&post=227587"}],"version-history":[{"count":1,"href":"https:\/\/www.elsinodaldetamaulipas.com.mx\/index.php?rest_route=\/wp\/v2\/posts\/227587\/revisions"}],"predecessor-version":[{"id":227589,"href":"https:\/\/www.elsinodaldetamaulipas.com.mx\/index.php?rest_route=\/wp\/v2\/posts\/227587\/revisions\/227589"}],"wp:featuredmedia":[{"embeddable":true,"href":"https:\/\/www.elsinodaldetamaulipas.com.mx\/index.php?rest_route=\/wp\/v2\/media\/227588"}],"wp:attachment":[{"href":"https:\/\/www.elsinodaldetamaulipas.com.mx\/index.php?rest_route=%2Fwp%2Fv2%2Fmedia&parent=227587"}],"wp:term":[{"taxonomy":"category","embeddable":true,"href":"https:\/\/www.elsinodaldetamaulipas.com.mx\/index.php?rest_route=%2Fwp%2Fv2%2Fcategories&post=227587"},{"taxonomy":"post_tag","embeddable":true,"href":"https:\/\/www.elsinodaldetamaulipas.com.mx\/index.php?rest_route=%2Fwp%2Fv2%2Ftags&post=227587"}],"curies":[{"name":"wp","href":"https:\/\/api.w.org\/{rel}","templated":true}]}}