{"id":227594,"date":"2026-09-03T21:40:53","date_gmt":"2026-09-04T01:40:53","guid":{"rendered":"https:\/\/www.elsinodaldetamaulipas.com.mx\/?p=227594"},"modified":"2026-09-03T21:41:14","modified_gmt":"2026-09-04T01:41:14","slug":"toma-forma-singular-proyecto-politico","status":"publish","type":"post","link":"https:\/\/www.elsinodaldetamaulipas.com.mx\/?p=227594","title":{"rendered":"TOMA FORMA SINGULAR PROYECTO POL\u00cdTICO"},"content":{"rendered":"<p><em><strong>Por Juan Carlos Rodr\u00edguez Terrazas\/EL SINODAL DE TAMAULIPAS<\/strong><\/em><\/p>\n<p>Reynosa, Tam.- La obtenci\u00f3n del registro de la Asociaci\u00f3n Civil \u201cCreo en un Nuevo Reynosa\u201d, representa la prolongaci\u00f3n de un largo sue\u00f1o en el que han trabajado intensamente durante poco m\u00e1s de un a\u00f1o los hermanos V\u00edctor Hugo, H\u00e9ctor Juventino y Francisco Garc\u00eda Flores.<\/p>\n<p>Al principio, el proyecto planteaba crear la asociaci\u00f3n e incorporar en pleno proceso con cientos de personas y adherirse a la mejor propuesta pol\u00edtica para impulsar y detonar en una administraci\u00f3n verdaderamente orientada a cambiar el rumbo de Reynosa, sustituyendo los anejos moldes en los que quedara atr\u00e1s el poder por el poder, el nepotismo, la ambici\u00f3n o la prevaricadora de unos cuantos.<\/p>\n<p>Al paso de los meses se fue moldeando \u201cUn Nuevo Reynosa, A.C.\u201d, quedando constituida finalmente la \u201cA.C. Creo en un Nuevo Reynosa\u201d que sintetiza el tit\u00e1nico esfuerzo que surgi\u00f3 a partir de una idea moralizadora, din\u00e1mica, cambiante que rebasara los viejos dise\u00f1os que han impedido el despegue de Reynosa como una ciudad con proyecci\u00f3n de infraestructura moderna que englobe el sentir de las grandes mayor\u00edas, incluidos los abstencionistas y los j\u00f3venes que a\u00fan no saben el valor de cada voto y que el a\u00f1o pr\u00f3ximo ir\u00e1n a las urna por primera o segunda vez.<\/p>\n<p><img loading=\"lazy\" decoding=\"async\" class=\"aligncenter size-full wp-image-227596\" src=\"https:\/\/www.elsinodaldetamaulipas.com.mx\/wp-content\/uploads\/2026\/09\/REYNOSA-2.jpg\" alt=\"\" width=\"894\" height=\"487\" srcset=\"https:\/\/www.elsinodaldetamaulipas.com.mx\/wp-content\/uploads\/2026\/09\/REYNOSA-2.jpg 894w, https:\/\/www.elsinodaldetamaulipas.com.mx\/wp-content\/uploads\/2026\/09\/REYNOSA-2-300x163.jpg 300w, https:\/\/www.elsinodaldetamaulipas.com.mx\/wp-content\/uploads\/2026\/09\/REYNOSA-2-768x418.jpg 768w\" sizes=\"auto, (max-width: 894px) 100vw, 894px\" \/><\/p>\n<p style=\"text-align: center;\"><strong>SOLIDAS BASES DE FORMACI\u00d3N<\/strong><\/p>\n<p>El estratega pol\u00edtico contador p\u00fablico V\u00edctor Hugo Garc\u00eda Flores, se ha ocupado del dise\u00f1o del perfil de quien representar\u00eda las causas de los ciudadanos reynosenses y los otros miles aqu\u00ed radicados por cuestiones de empleo. Hasta hoy, no menos de una docena de notable personajes de la vida social (no los de siempre), han sido invitados a ser parte de esta emblem\u00e1tica idea.<\/p>\n<p>H\u00e9ctor Juventino, con la experiencia que ha obtenido en un sinf\u00edn de campa\u00f1as en el que ha sido el encargado de administrar recursos transparentes para diversas campa\u00f1as ganadoras y ha sido part\u00edcipe de exitosas administraciones, tanto en Reynosa como Nuevo Laredo, ha sido el encargado de crear el organigrama, inclusive del tipo de administraci\u00f3n que se requiere, en el que se terminar\u00eda en el sub ejercicio; la dualidad de funciones y la existencia de oficinas, departamentos y hasta direcciones fantasmas que solo son presupuest\u00edvoras y solo eso, sin aportar beneficio alguno a la comunidad..<\/p>\n<p>Por su parte. el ingeniero Francisco, con una larga y positiva trayectoria en la iniciativa privada, incluida su participaci\u00f3n como presidente estatal de la C\u00e1mara Nacional de la Industria de la Construcci\u00f3n, ha sido el picaporte para el dise\u00f1o de ciudad que se requiere para detonar en un crecimiento que armonice con ciudades fronterizas de Estados Unidos y algunas otras de M\u00e9xico donde el orden, el crecimiento sostenido, la seguridad, la educaci\u00f3n y dem\u00e1s factores, inciden en un verdadero desarrollo social.<\/p>\n<p style=\"text-align: center;\"><strong>MUCHO DI\u00c1LOGO Y CONCERTACI\u00d3N<\/strong><\/p>\n<p>Tomadas en cuenta todas y cada una de las consideraciones de actores pol\u00edticos de experiencia se ha platicado con los m\u00e1s promisorios y se han enriquecido todas y cada una de las propuestas debatidas en foros abiertos y de convivencia familiar y ciudadana que se han cuidado muy meticulosamente.<\/p>\n<p>Hasta el d\u00eda de hoy, ya configurando este singular proyecto, se cuenta con miles de ideas encapsuladas en una sola visi\u00f3n: Progreso y Bienestar. determinando que para no caer de nuevo en un anacronismo de tipo partidista, que al final de cuentas se vuelve en una agencia de colocaciones, trabajar\u00edan en torno a una candidatura independiente en la que, inclusive, quien resulte nominado como candidato a alcalde no tendr\u00eda la oportunidad de designar a los miembros de su planilla, sino como lo dicta la constituci\u00f3n, ser\u00eda un miembro m\u00e1s del cabildo, en el que su voto valga lo mismo que el de un s\u00edndico o un regidor, ello tambi\u00e9n considerando que tras la \u00faltima reforma el cabildo funcionara con solo 10 regidores y un s\u00edndico propietarios.<\/p>\n<p>LIBERTAD POL\u00cdTICA Y DE IDEAS<\/p>\n<p>Cabe mencionar que esta asociaci\u00f3n civil que se encargar\u00eda de la proyecci\u00f3n de la idea hasta las elecciones, fenece un d\u00eda despu\u00e9s del proceso y tras ello, dejar\u00e1 al libre albedr\u00edo de cada uno de sus integrantes, si se afilian o no a cualquier partido u organizaci\u00f3n que ellos decidan.<\/p>\n<p>Se\u00f1alan los creadores de este dise\u00f1o que en lo personal ellos no pretenden ser candidatos a ning\u00fan cargo de elecci\u00f3n popular, lo que ha quedado asentado en actas y en cada entrevista que han cedido a los medios de comunicaci\u00f3n.<\/p>\n<p>Las cartas est\u00e1n sobre la mesa, la convocatoria sigue abierta para nuevas incorporaciones y exposici\u00f3n de ideas, y el destino de Reynosa, en manos de una generaci\u00f3n visionaria y fortalecida por todos los sectores dispuestos a acabar con el hartazgo social.<\/p>\n","protected":false},"excerpt":{"rendered":"<p>Por Juan Carlos Rodr\u00edguez Terrazas\/EL SINODAL DE TAMAULIPAS Reynosa, Tam.- La obtenci\u00f3n del registro de la Asociaci\u00f3n Civil \u201cCreo en un Nuevo Reynosa\u201d, representa la prolongaci\u00f3n de un largo sue\u00f1o en el que han trabajado intensamente durante poco m\u00e1s de un a\u00f1o los hermanos V\u00edctor Hugo, H\u00e9ctor Juventino y Francisco Garc\u00eda Flores. Al principio, el [&hellip;]<\/p>\n","protected":false},"author":1,"featured_media":227595,"comment_status":"closed","ping_status":"closed","sticky":false,"template":"","format":"standard","meta":{"footnotes":""},"categories":[1,2],"tags":[],"class_list":["post-227594","post","type-post","status-publish","format-standard","has-post-thumbnail","hentry","category-portada","category-reynosa"],"_links":{"self":[{"href":"https:\/\/www.elsinodaldetamaulipas.com.mx\/index.php?rest_route=\/wp\/v2\/posts\/227594","targetHints":{"allow":["GET"]}}],"collection":[{"href":"https:\/\/www.elsinodaldetamaulipas.com.mx\/index.php?rest_route=\/wp\/v2\/posts"}],"about":[{"href":"https:\/\/www.elsinodaldetamaulipas.com.mx\/index.php?rest_route=\/wp\/v2\/types\/post"}],"author":[{"embeddable":true,"href":"https:\/\/www.elsinodaldetamaulipas.com.mx\/index.php?rest_route=\/wp\/v2\/users\/1"}],"replies":[{"embeddable":true,"href":"https:\/\/www.elsinodaldetamaulipas.com.mx\/index.php?rest_route=%2Fwp%2Fv2%2Fcomments&post=227594"}],"version-history":[{"count":2,"href":"https:\/\/www.elsinodaldetamaulipas.com.mx\/index.php?rest_route=\/wp\/v2\/posts\/227594\/revisions"}],"predecessor-version":[{"id":227598,"href":"https:\/\/www.elsinodaldetamaulipas.com.mx\/index.php?rest_route=\/wp\/v2\/posts\/227594\/revisions\/227598"}],"wp:featuredmedia":[{"embeddable":true,"href":"https:\/\/www.elsinodaldetamaulipas.com.mx\/index.php?rest_route=\/wp\/v2\/media\/227595"}],"wp:attachment":[{"href":"https:\/\/www.elsinodaldetamaulipas.com.mx\/index.php?rest_route=%2Fwp%2Fv2%2Fmedia&parent=227594"}],"wp:term":[{"taxonomy":"category","embeddable":true,"href":"https:\/\/www.elsinodaldetamaulipas.com.mx\/index.php?rest_route=%2Fwp%2Fv2%2Fcategories&post=227594"},{"taxonomy":"post_tag","embeddable":true,"href":"https:\/\/www.elsinodaldetamaulipas.com.mx\/index.php?rest_route=%2Fwp%2Fv2%2Ftags&post=227594"}],"curies":[{"name":"wp","href":"https:\/\/api.w.org\/{rel}","templated":true}]}}