{"id":227606,"date":"2026-09-03T22:00:13","date_gmt":"2026-09-04T02:00:13","guid":{"rendered":"https:\/\/www.elsinodaldetamaulipas.com.mx\/?p=227606"},"modified":"2026-09-03T22:00:13","modified_gmt":"2026-09-04T02:00:13","slug":"seguira-arnulfo-habra-interinato","status":"publish","type":"post","link":"https:\/\/www.elsinodaldetamaulipas.com.mx\/?p=227606","title":{"rendered":"\u00bfSEGUIR\u00c1 ARNULFO HABR\u00c1 INTERINATO?"},"content":{"rendered":"<p><strong>CHUCHO SE OPONE A LAS COSAS EN LO \u201cOSCURITO\u201d\u2026<\/strong> El diputado federal del Partido Acci\u00f3n Nacional (PAN) por Tampico, <strong>CHUCHO NADER<\/strong>, present\u00f3 ante el pleno de la C\u00e1mara de Diputados una iniciativa de decreto para reformar el art\u00edculo 134 de la Constituci\u00f3n Mexicana, con el prop\u00f3sito de transparentar los recursos p\u00fablicos y frenar el uso desmedido de las adjudicaciones directas en las compras de los entes p\u00fablicos.<\/p>\n<p>Al fundamentar su propuesta, el Legislador panista expuso que la iniciativa parte de un diagn\u00f3stico cr\u00edtico sobre la gesti\u00f3n de las contrataciones p\u00fablicas en el pa\u00eds.<\/p>\n<p>\u201c<em>De acuerdo con un an\u00e1lisis de Mexicanos Contra la Corrupci\u00f3n y la Impunidad, los primeros nueve meses de la administraci\u00f3n federal del 2021, disponibles en Compranet, las adjudicaciones directas fueron el mecanismo favorito de asignaci\u00f3n, ya que, hasta octubre del 2021, el 80.4 por ciento del total de contrataciones fueron asignadas directamente<\/em>\u201d, explic\u00f3, al agregar que datos m\u00e1s recientes revelan que en 2023 se registr\u00f3 el porcentaje de adjudicaciones directas m\u00e1s alto de los \u00faltimos 17 a\u00f1os, con el 82 por ciento de los contratos.<\/p>\n<p>El Legislador tampique\u00f1o y a quien se le ha se\u00f1alado como prospecto a la alcald\u00eda de Tampico, subray\u00f3 que el proyecto de reforma plantea modificaciones a los p\u00e1rrafos quinto y sexto, as\u00ed como la adici\u00f3n de un p\u00e1rrafo s\u00e9ptimo al art\u00edculo 134 constitucional, fijando un tope estricto del 20 por ciento del presupuesto total anual de cada dependencia para el conjunto de adjudicaciones directas, invitaciones restringidas y dem\u00e1s excepciones a la licitaci\u00f3n p\u00fablica.<\/p>\n<p>Asimismo, indic\u00f3 que la iniciativa proh\u00edbe de manera expresa el fraccionamiento de contratos para evadir los concursos abiertos y extiende la obligatoriedad de estas reglas a la Federaci\u00f3n, estados, municipios y demarcaciones de la Ciudad de M\u00e9xico.<\/p>\n<p>En su propuesta, <strong>CHUCHO NADER<\/strong> plante\u00f3 que las obras p\u00fablicas realizadas por la Secretar\u00eda de la Defensa Nacional y la Secretar\u00eda de Marina tambi\u00e9n est\u00e9n sujetas a procesos de licitaci\u00f3n p\u00fablica, con el fin de fortalecer la transparencia, la competencia y la rendici\u00f3n de cuentas en el ejercicio de los recursos p\u00fablicos, eliminando el r\u00e9gimen de excepci\u00f3n aplicado en proyectos como el Tren Maya y el aeropuerto Felipe \u00c1ngeles.<\/p>\n<p>\u201c<em>Las y los diputados del Partido Acci\u00f3n Nacional estamos comprometidos con la transparencia. La rendici\u00f3n de cuentas forma parte de nuestros principios y de los estatutos formales de la plataforma pol\u00edtica de nuestro partido<\/em>\u201d, puntualiz\u00f3.<\/p>\n<p>La iniciativa fue turnada a la Comisi\u00f3n de Puntos Constitucionales para su dictamen correspondiente\u2026 \u00a1<strong><em>Enhorabuena<\/em><\/strong>!<\/p>\n<p><strong>++LO SIGUIENTE, NADA QUE VER CON LO ANTERIOR\u2026<\/strong> Aunque lo que queda de la \u201cracita\u201d de <strong>ARNULFO RODR\u00cdGUEZ TREVI\u00d1O<\/strong> lo niegue, lo cierto es que la base de la Secci\u00f3n 30 del Sindicato Nacional de Trabajadores de la Educaci\u00f3n (SNTE), repudia abiertamente al Secretario General por c\u00ednico, perverso y chapucero\u2026 \u00a1<strong><em>Zaaas culebra<\/em><\/strong>!<\/p>\n<p>La animadversi\u00f3n no se la han otorgado gratis al senil dirigente pelos pintados, pues <strong>ARNULFO<\/strong>, con sus conductas proclives a los \u201cnegocios chuecos\u201d, ha venido cosechando el rechazo generalizado\u2026 \u00a1<strong><em>Ufff<\/em><\/strong>!<\/p>\n<p>Resulta que ahora <strong>ARNULFO RODR\u00cdGUEZ TREVI\u00d1O<\/strong> se disfraza de \u201cestadista\u201d y descubre, casualmente, cuando le toca entregar el changarro, que \u201c<em>antes de una elecci\u00f3n sindical, primero est\u00e1 el pa\u00eds<\/em>\u201d\u2026 \u00a1<strong><em>Tant\u00e9yate compadre<\/em><\/strong>!<\/p>\n<p>Fue el pasado 26 de agosto, cuando lo que queda del secretario general de la Secci\u00f3n 30 sali\u00f3 a explicar que la renovaci\u00f3n de la dirigencia magisterial se pospondr\u00e1 hasta que concluya el proceso electoral federal de 2027, porque as\u00ed lo determinaron \u201c<em>los que mandan en M\u00e9xico<\/em>\u201d, seg\u00fan sus propias palabras, dejando entrever que ni \u00e9l ni <strong>ALFONSO CEPEDA SALAS<\/strong> tomaron solitos la decisi\u00f3n, sino que viene de m\u00e1s arriba\u2026 \u00a1<strong><em>Santas Bati\u00f3rdenes<\/em><\/strong>!<\/p>\n<p>Que existan m\u00e1s de treinta secciones del SNTE con periodos vencidos a nivel nacional es un dato real, nadie lo duda, pero de ah\u00ed a que <strong>ARNULFO<\/strong> se cuelgue de ese rezago para amarrarse al escritorio un rato m\u00e1s, hay un trecho considerable; sobre todo porque tendr\u00e1 m\u00e1s de 365 d\u00edas para seguir haciendo sus conocidas chapuzas que va desde remoci\u00f3n de jefes de sector, arbitrarios cambios de adscripci\u00f3n, en \u201ccomplicidad\u201d con un tibio y temeroso secretario de Educaci\u00f3n, como es <strong>MIGUEL \u00c1NGEL VALDEZ GARC\u00cdA<\/strong>, que lo \u00fanico que causa es decepci\u00f3n\u2026 \u00a1<strong><em>Calla pes\u00e1o<\/em><\/strong>!<\/p>\n<p><strong>OJO AL DATO, DIJO EL GARABATO<\/strong>: el propio <strong>ARNULFO<\/strong> reconoci\u00f3 que debe entregar el cargo en enero, pero de inmediato aclar\u00f3 que \u201c<em>no puede haber ning\u00fan evento m\u00e1s que la naci\u00f3n<\/em>\u201d, frase que en el diccionario caciquil se traduce como \u201c<em>yo me quedo el tiempo que se me antoje y luego vemos<\/em>\u201d o \u201c<em>nom\u00e1s mis chicharrones truenan<\/em>\u201d\u2026 \u00a1<strong><em>Que gacho Tacho<\/em><\/strong>!<\/p>\n<p>Sobre qui\u00e9nes aspiran a sucederlo, el dirigente ha sido categ\u00f3rico al advertir que \u201c<em>no s\u00e9 qui\u00e9n los propone a ellos<\/em>\u201d, en referencia a <strong>NAIF HAMSCHO<\/strong>, <strong>ABELARDO IBARRA<\/strong> y <strong>ENRIQUE MEL\u00c9NDEZ<\/strong>, dejando claro que la convocatoria saldr\u00e1 cuando \u00e9l, y s\u00f3lo \u00e9l, decida que es momento de decirla; aunque la verdad es que <strong>ARNULFO<\/strong> se queda no como premio, sino por intereses muy por encima del propio SNTE y no por su talento, que no tiene\u2026 \u00a1<strong><em>Ch\u00fapale pich\u00f3n<\/em><\/strong>!<\/p>\n<p><strong>EN CONCRETO, dijo el alba\u00f1il<\/strong>: En el mismo evento donde la SET entreg\u00f3 mil doscientos nombramientos, <strong>ARNULFO<\/strong> presumi\u00f3 que en la Secretar\u00eda General de la Secci\u00f3n 30 \u201c<em>no hay descanso<\/em>\u201d (lo dice alguien que se queda dormido en los eventos) y que \u201c<em>como cantan en el baile lo tiene que bailar<\/em>\u201d (lo dice alguien que cuando pierde arrebata), una forma \u201cc\u00f3mica\u201d de recordar a todos qui\u00e9n sigue poniendo el ritmo, aunque el m\u00fasico ya lleva m\u00e1s tiempo del que le corresponde en el escenario magisterial\u2026 \u00a1<strong><em>Ay nanita<\/em><\/strong>!<\/p>\n<p>Y por si quedaba duda de sus intenciones, remat\u00f3 con la frase que ya se volvi\u00f3 su estandarte: \u201c<em>no me voy hasta que pasen las elecciones federales<\/em>\u201d, envuelta en un discurso patri\u00f3tico donde asegura que \u201c<em>vale m\u00e1s la patria, vale m\u00e1s el pa\u00eds que nuestra organizaci\u00f3n sindical<\/em>\u201d\u2026 \u00a1<strong><em>Santas Batichabacanadas<\/em><\/strong>!<\/p>\n<p><strong>M\u00c1S CLARO, dijo la oscuridad<\/strong>: cuando un dirigente sindical, como <strong>ARNULFO RODR\u00cdGUEZ TREVI\u00d1O<\/strong> necesita invocar a la patria para justificar por qu\u00e9 no suelta el mando, generalmente no es la patria la que est\u00e1 en juego, sino la comodidad de seguir mandando un rato m\u00e1s\u2026 \u00a1<strong><em>Ch\u00fapale pich\u00f3n<\/em><\/strong>!<\/p>\n<p>Ahora bien, diversas fuentes consultadas confiaron a <strong>LETRAS PROHIBIDAS<\/strong> que una cosa son los alegatos de <strong>ARNULFO<\/strong> y las conveniencias de <strong>CEPEDA SALAS<\/strong>, el dirigente nacional del gremio y otra cosa es la realidad de la Secci\u00f3n 30, en donde el Secretario General ya huele rancio, a caduco, a echado a perder, por el grado de corrupci\u00f3n que transpira en cada acci\u00f3n que realiza\u2026 \u00a1<strong><em>Tsss<\/em><\/strong>!<\/p>\n<p>Por lo anterior, aseguraron a <strong>LETRAS PROHIBIDAS<\/strong>, que algunas voces empezar\u00edan a exigir a los altos mandos del Comit\u00e9 Ejecutivo Nacional del SNTE, que analice la posibilidad de un interino que sustituya a <strong>RODRIGUEZ TREVI\u00d1O<\/strong>, luego que se ha venido documentando, al menos en los \u00faltimos dos a\u00f1os, la forma en que ha sacado jugo financiero a la Secretar\u00eda General antes que beneficiar al gremio magisterial\u2026 al menos la lucha le van a hacer, me confirman\u2026 \u00a1<strong><em>Ostias t\u00edo de la Virgen santa<\/em><\/strong>!<\/p>\n<p>En otro tema\u2026 El Gobierno Municipal de Reynosa, que preside <strong>CARLOS PE\u00d1A ORTIZ<\/strong>, llev\u00f3 a cabo una jornada de bacheo con carpeta asf\u00e1ltica en las principales entradas de la ciudad, con el objetivo de brindar v\u00edas m\u00e1s seguras a residentes de la periferia y visitantes.<\/p>\n<p>El alcalde, junto con el secretario de Servicios P\u00fablicos, <strong>JOS\u00c9 ANTONIO CH\u00c1VEZ HERRERA<\/strong>, planific\u00f3 los trabajos que abarcaron desde la ma\u00f1ana de este mi\u00e9rcoles la Calzada Victoria y la carretera a San Fernando.<\/p>\n<p>Cuadrillas municipales de Servicios P\u00fablicos rehabilitaron estas importantes vialidades que conectan a Reynosa, mejorando la movilidad, la seguridad vial y el acceso para miles de automovilistas.<\/p>\n<p>Adem\u00e1s, <strong>PE\u00d1A ORTIZ<\/strong>, aprovech\u00f3 para invitar a la poblaci\u00f3n a seguir la transmisi\u00f3n en vivo de su Segundo Informe de Gobierno 2026, que se llevar\u00e1 a cabo este domingo seis de septiembre a partir de las 10:00 horas.<\/p>\n<p>La transmisi\u00f3n podr\u00e1 seguirse a trav\u00e9s de Facebook Live en las p\u00e1ginas oficiales <strong>CARLOS PE\u00d1A ORTIZ<\/strong> y Gobierno de Reynosa, donde los ciudadanos podr\u00e1n conocer de primera mano los resultados obtenidos durante este segundo a\u00f1o de administraci\u00f3n.<\/p>\n<p>Durante el informe se presentar\u00e1n los avances, programas y obras que, de acuerdo con el gobierno municipal, han contribuido a transformar a Reynosa bajo un esquema de cercan\u00eda con la ciudadan\u00eda\u2026 \u00a1<strong><em>Enhorabuena<\/em><\/strong>!<\/p>\n<p>Para finalizar, le comento que la Defensor\u00eda de los Derechos Universitarios de la Universidad Aut\u00f3noma de Tamaulipas (DDU UAT) inform\u00f3 la apertura de la Carpeta Previa 34\/2026, luego de que se dieran a conocer hechos ocurridos al interior de la Facultad de Medicina Veterinaria y Zootecnia, en los que presuntamente se vio afectado un estudiante for\u00e1neo de primer semestre.<\/p>\n<p>La medida se tom\u00f3 por instrucciones del rector <strong>D\u00c1MASO ANAYA ALVARADO<\/strong> y a solicitud del director de la citada facultad, luego de que se reportaran circunstancias que pudieran ser contrarias a los principios de sana convivencia universitaria.<\/p>\n<p>Con fundamento en el art\u00edculo 83 del Estatuto Org\u00e1nico de la UAT y el art\u00edculo 2 del Reglamento de la Defensor\u00eda de los Derechos Universitarios, la instancia determin\u00f3 actuar de oficio para allegarse de los elementos necesarios y esclarecer lo ocurrido, as\u00ed como definir, en su caso, las acciones institucionales que correspondan.<\/p>\n<p>Como parte del acuerdo, la Defensor\u00eda solicit\u00f3, con base en el art\u00edculo 86, fracci\u00f3n III, del Estatuto Org\u00e1nico y el art\u00edculo 12, fracci\u00f3n VII, del reglamento de la propia dependencia, un informe pormenorizado sobre los hechos registrados el dos de septiembre, el cual deber\u00e1 entregarse en un plazo no mayor a dos d\u00edas h\u00e1biles.<\/p>\n<p>El acuerdo fue signado por la Coordinaci\u00f3n de Procedimientos, en atenci\u00f3n a las instrucciones del titular de la Defensor\u00eda de los Derechos Universitarios y conforme a la normatividad universitaria vigente.<\/p>\n<p>La UAT reiter\u00f3 su compromiso con la protecci\u00f3n de los derechos de su comunidad estudiantil, el respeto al debido proceso y la promoci\u00f3n de espacios universitarios seguros.<\/p>\n<p>S\u00edgueme en mis nuevas redes sociales. En FACEBOOK: <strong>Letras Prohibidas News<\/strong>; En INSTAGRAM: <strong>@letrasprohibidasnews<\/strong>; TIK-TOK: <strong>letrasprohibidas_news<\/strong>; y en EQUIS: <strong>@LetrasNews<\/strong>; donde encontrar\u00e1s otro tipo de contenido\u2026 Tambi\u00e9n en nuestra p\u00e1gina Web: <a href=\"http:\/\/www.letrasprohibidas.com\">www.letrasprohibidas.com<\/a><\/p>\n<p><strong>GRACIAS\u2026<\/strong> Nos leemos hasta ma\u00f1ana.<\/p>\n<p><strong>COMENTARIOS<\/strong>: <a href=\"mailto:letrasprohibidasnews@gmail.com\">letrasprohibidasnews@gmail.com<\/a><\/p>\n","protected":false},"excerpt":{"rendered":"<p>CHUCHO SE OPONE A LAS COSAS EN LO \u201cOSCURITO\u201d\u2026 El diputado federal del Partido Acci\u00f3n Nacional (PAN) por Tampico, CHUCHO NADER, present\u00f3 ante el pleno de la C\u00e1mara de Diputados una iniciativa de decreto para reformar el art\u00edculo 134 de la Constituci\u00f3n Mexicana, con el prop\u00f3sito de transparentar los recursos p\u00fablicos y frenar el uso [&hellip;]<\/p>\n","protected":false},"author":1,"featured_media":216277,"comment_status":"closed","ping_status":"closed","sticky":false,"template":"","format":"standard","meta":{"footnotes":""},"categories":[16],"tags":[],"class_list":["post-227606","post","type-post","status-publish","format-standard","has-post-thumbnail","hentry","category-opinion"],"_links":{"self":[{"href":"https:\/\/www.elsinodaldetamaulipas.com.mx\/index.php?rest_route=\/wp\/v2\/posts\/227606","targetHints":{"allow":["GET"]}}],"collection":[{"href":"https:\/\/www.elsinodaldetamaulipas.com.mx\/index.php?rest_route=\/wp\/v2\/posts"}],"about":[{"href":"https:\/\/www.elsinodaldetamaulipas.com.mx\/index.php?rest_route=\/wp\/v2\/types\/post"}],"author":[{"embeddable":true,"href":"https:\/\/www.elsinodaldetamaulipas.com.mx\/index.php?rest_route=\/wp\/v2\/users\/1"}],"replies":[{"embeddable":true,"href":"https:\/\/www.elsinodaldetamaulipas.com.mx\/index.php?rest_route=%2Fwp%2Fv2%2Fcomments&post=227606"}],"version-history":[{"count":1,"href":"https:\/\/www.elsinodaldetamaulipas.com.mx\/index.php?rest_route=\/wp\/v2\/posts\/227606\/revisions"}],"predecessor-version":[{"id":227607,"href":"https:\/\/www.elsinodaldetamaulipas.com.mx\/index.php?rest_route=\/wp\/v2\/posts\/227606\/revisions\/227607"}],"wp:featuredmedia":[{"embeddable":true,"href":"https:\/\/www.elsinodaldetamaulipas.com.mx\/index.php?rest_route=\/wp\/v2\/media\/216277"}],"wp:attachment":[{"href":"https:\/\/www.elsinodaldetamaulipas.com.mx\/index.php?rest_route=%2Fwp%2Fv2%2Fmedia&parent=227606"}],"wp:term":[{"taxonomy":"category","embeddable":true,"href":"https:\/\/www.elsinodaldetamaulipas.com.mx\/index.php?rest_route=%2Fwp%2Fv2%2Fcategories&post=227606"},{"taxonomy":"post_tag","embeddable":true,"href":"https:\/\/www.elsinodaldetamaulipas.com.mx\/index.php?rest_route=%2Fwp%2Fv2%2Ftags&post=227606"}],"curies":[{"name":"wp","href":"https:\/\/api.w.org\/{rel}","templated":true}]}}