{"id":227614,"date":"2026-09-04T11:25:10","date_gmt":"2026-09-04T15:25:10","guid":{"rendered":"https:\/\/www.elsinodaldetamaulipas.com.mx\/?p=227614"},"modified":"2026-09-04T11:25:10","modified_gmt":"2026-09-04T15:25:10","slug":"los-ruegan-para-que-regresen","status":"publish","type":"post","link":"https:\/\/www.elsinodaldetamaulipas.com.mx\/?p=227614","title":{"rendered":"LOS RUEGAN PARA QUE REGRESEN"},"content":{"rendered":"<p>TINTA NEGRA<br \/>\nAlfredo Guevara<\/p>\n<p>1.- En la coordinaci\u00f3n del sistema de salud IMSS \u2013 Bienestar, el doctor MARGGID ANTONIO RODR\u00cdGUEZ AVENDA\u00d1O no est\u00e1 dando resultados.<br \/>\nPor el contrario, cada d\u00eda surgen nuevas inconformidades en materia de infraestructura, medicinas, atenci\u00f3n m\u00e9dica y aspectos laborales.<br \/>\nDesde que asumi\u00f3 el cargo MARGGID, el uno de abril del 2024, hasta ahora ha demostrado incapacidad para atender y resolver la problem\u00e1tica de toda la estructura del sistema de salud IMSS \u2013 Bienestar.<br \/>\nSon m\u00e1s las quejas, inconformidades y malestar de los trabajadores, como de la poblaci\u00f3n que requiere de los servicios m\u00e9dicos, las que bajo presi\u00f3n social, ha tenido que resolver.<br \/>\nY es que, aun cuando pens\u00f3 que su labor ser\u00eda m\u00e1s enfocada hacia la administraci\u00f3n, la realidad de las cosas es que constantemente tiene que ir a oficinas centrales a realizar gesti\u00f3n.<br \/>\nMARGGID se volvi\u00f3 ap\u00e1tico como intratable, al grado de que, si quisiera volver a ser candidato en la pr\u00f3xima elecci\u00f3n de alcaldes y diputados locales, volver\u00eda a perder.<br \/>\n2.- Inici\u00f3 la pasarela de partidos pol\u00edticos ante los integrantes del Consejo general del Ietam, a efecto de que manifiesten su inter\u00e9s de participar en la pr\u00f3xima elecci\u00f3n de ayuntamientos y diputaciones locales.<br \/>\nEl primer partido que lo hizo, fue Movimiento Ciudadano; hoy acude lo que queda del Revolucionario Institucional y la nueva oferta pol\u00edtica que representa el partido Somos.<br \/>\nPor cierto, dej\u00f3 de ser Somos M\u00e9xico a solamente Somos y por ende, tambi\u00e9n tendr\u00e1 que modificar su emblema.<br \/>\nSaludamos al ahora coordinador nacional de Movimiento Ciudadano en Tamaulipas GUSTAVO C\u00c1RDENAS GUTI\u00c9RREZ y de paso, al dirigente estatal ROBERTO LEE PONCE, quien est\u00e1 convencido de mejorar el papel que el partido hizo en la \u00faltima elecci\u00f3n, donde solamente gan\u00f3 en una elecci\u00f3n de alcaldes.<br \/>\n3.- Por cierto, gener\u00f3 inconformidad m\u00e1s que preocupaci\u00f3n al interior del PRI, el hecho de que se le haya ido una importante cantidad de priistas a otros organismos pol\u00edticos, de acuerdo al escrutinio que realiz\u00f3 el Instituto Nacional Electoral.<br \/>\nY aunque hay la intenci\u00f3n de ir a los domicilios de aquellos que abandonaron al PRI, con la idea de convencerlos de que regresen, la realidad es que poco o nada quieren saber del Revolucionario Institucional.<br \/>\nY es que, ante tantas opciones pol\u00edticas que han surgido, todo parece indicar que el PRI tendr\u00e1 el mismo destino que el otrora Partido de la Revoluci\u00f3n Democr\u00e1tica. EN FIN.\u00a0<a href=\"mailto:alfredoguevara0@gmail.com\">alfredoguevara0@gmail.com<\/a><\/p>\n","protected":false},"excerpt":{"rendered":"<p>TINTA NEGRA Alfredo Guevara 1.- En la coordinaci\u00f3n del sistema de salud IMSS \u2013 Bienestar, el doctor MARGGID ANTONIO RODR\u00cdGUEZ AVENDA\u00d1O no est\u00e1 dando resultados. Por el contrario, cada d\u00eda surgen nuevas inconformidades en materia de infraestructura, medicinas, atenci\u00f3n m\u00e9dica y aspectos laborales. Desde que asumi\u00f3 el cargo MARGGID, el uno de abril del 2024, [&hellip;]<\/p>\n","protected":false},"author":1,"featured_media":215700,"comment_status":"closed","ping_status":"closed","sticky":false,"template":"","format":"standard","meta":{"footnotes":""},"categories":[16],"tags":[],"class_list":["post-227614","post","type-post","status-publish","format-standard","has-post-thumbnail","hentry","category-opinion"],"_links":{"self":[{"href":"https:\/\/www.elsinodaldetamaulipas.com.mx\/index.php?rest_route=\/wp\/v2\/posts\/227614","targetHints":{"allow":["GET"]}}],"collection":[{"href":"https:\/\/www.elsinodaldetamaulipas.com.mx\/index.php?rest_route=\/wp\/v2\/posts"}],"about":[{"href":"https:\/\/www.elsinodaldetamaulipas.com.mx\/index.php?rest_route=\/wp\/v2\/types\/post"}],"author":[{"embeddable":true,"href":"https:\/\/www.elsinodaldetamaulipas.com.mx\/index.php?rest_route=\/wp\/v2\/users\/1"}],"replies":[{"embeddable":true,"href":"https:\/\/www.elsinodaldetamaulipas.com.mx\/index.php?rest_route=%2Fwp%2Fv2%2Fcomments&post=227614"}],"version-history":[{"count":1,"href":"https:\/\/www.elsinodaldetamaulipas.com.mx\/index.php?rest_route=\/wp\/v2\/posts\/227614\/revisions"}],"predecessor-version":[{"id":227615,"href":"https:\/\/www.elsinodaldetamaulipas.com.mx\/index.php?rest_route=\/wp\/v2\/posts\/227614\/revisions\/227615"}],"wp:featuredmedia":[{"embeddable":true,"href":"https:\/\/www.elsinodaldetamaulipas.com.mx\/index.php?rest_route=\/wp\/v2\/media\/215700"}],"wp:attachment":[{"href":"https:\/\/www.elsinodaldetamaulipas.com.mx\/index.php?rest_route=%2Fwp%2Fv2%2Fmedia&parent=227614"}],"wp:term":[{"taxonomy":"category","embeddable":true,"href":"https:\/\/www.elsinodaldetamaulipas.com.mx\/index.php?rest_route=%2Fwp%2Fv2%2Fcategories&post=227614"},{"taxonomy":"post_tag","embeddable":true,"href":"https:\/\/www.elsinodaldetamaulipas.com.mx\/index.php?rest_route=%2Fwp%2Fv2%2Ftags&post=227614"}],"curies":[{"name":"wp","href":"https:\/\/api.w.org\/{rel}","templated":true}]}}