{"id":227616,"date":"2026-09-04T11:33:52","date_gmt":"2026-09-04T15:33:52","guid":{"rendered":"https:\/\/www.elsinodaldetamaulipas.com.mx\/?p=227616"},"modified":"2026-09-04T11:33:52","modified_gmt":"2026-09-04T15:33:52","slug":"calentamientos","status":"publish","type":"post","link":"https:\/\/www.elsinodaldetamaulipas.com.mx\/?p=227616","title":{"rendered":"\u00abCALENTAMIENTOS\u00bb"},"content":{"rendered":"<p class=\"wp-block-paragraph\">GOLPE A GOLPE<\/p>\n<p class=\"wp-block-paragraph\">Por Juan S\u00e1nchez Mendoza<\/p>\n<p class=\"wp-block-paragraph\">El pr\u00f3ximo d\u00eda 10 arrancar\u00e1 formalmente el proceso electoral federal 2026-2027, para la renovaci\u00f3n de las 500 diputaciones federales. Pero no ser\u00e1 solamente una elecci\u00f3n federal. En las 32 entidades habr\u00e1 procesos concurrentes y, en Tamaulipas, el Instituto Electoral estatal (IETAM) tendr\u00e1 que hacer lo propio con la organizaci\u00f3n de los comicios locales.<\/p>\n<p class=\"wp-block-paragraph\">La maquinaria electoral, pues, empieza a calentarse.<\/p>\n<p class=\"wp-block-paragraph\">Y aunque todav\u00eda faltan meses para que los ciudadanos acudan a las urnas, en los partidos pol\u00edticos hace tiempo que comenz\u00f3 la b\u00fasqueda de candidatos, alianzas, posiciones y, sobre todo, de votos.<\/p>\n<p class=\"wp-block-paragraph\">Porque una cosa es que legalmente el proceso comience el 10 de septiembre y otra, muy diferente, que los partidos hayan esperado hasta esa fecha para empezar a trabajar.<\/p>\n<p class=\"wp-block-paragraph\">No lo hicieron.<\/p>\n<p class=\"wp-block-paragraph\">Hace meses algunos comenzaron a medir fuerzas. Otros, apenas est\u00e1n buscando qui\u00e9n pueda darles la cara. Y unos m\u00e1s siguen confiando en que la marca haga el trabajo que ellos no han querido hacer.<\/p>\n<p class=\"wp-block-paragraph\"><strong>Los n\u00fameros<\/strong><\/p>\n<p class=\"wp-block-paragraph\">El INE tendr\u00e1 a su cargo la elecci\u00f3n de 500 diputaciones federales: 300 por el principio de mayor\u00eda relativa y 200 por representaci\u00f3n proporcional.<\/p>\n<p class=\"wp-block-paragraph\">En Tamaulipas ser\u00e1n ocho distritos federales.<\/p>\n<p class=\"wp-block-paragraph\">Pero tambi\u00e9n estar\u00e1n en juego los espacios locales y los ayuntamientos, de manera que la competencia ser\u00e1 mucho m\u00e1s amplia que la que pudiera sugerir, a primera vista, una elecci\u00f3n intermedia.<\/p>\n<p class=\"wp-block-paragraph\">El IETAM, por su parte, ya trabaja en la preparaci\u00f3n de los \u00f3rganos que habr\u00e1n de conducir el proceso en territorio tamaulipeco.<\/p>\n<p class=\"wp-block-paragraph\">Son 22 consejos distritales y 43 consejos municipales.<\/p>\n<p class=\"wp-block-paragraph\">Incluso ya se abri\u00f3 el procedimiento para seleccionar a quienes integrar\u00e1n esos \u00f3rganos electorales.<\/p>\n<p class=\"wp-block-paragraph\">Y aqu\u00ed aparece uno de los primeros asuntos que deber\u00edan preocupar a los partidos: la confianza. Porque en una elecci\u00f3n no basta con que las autoridades electorales sean legales.<\/p>\n<p class=\"wp-block-paragraph\">Tambi\u00e9n tienen que parecerlo. Y cualquier sospecha de parcialidad, real o imaginaria, termina convirti\u00e9ndose en combustible para la desconfianza.<\/p>\n<p class=\"wp-block-paragraph\">El problema de los partidos de oposici\u00f3n es que el calendario electoral avanza con mayor rapidez que sus estructuras.<\/p>\n<p class=\"wp-block-paragraph\">Morena, mientras tanto, llega con la ventaja que significa gobernar y contar con una marca electoral consolidada.<\/p>\n<p class=\"wp-block-paragraph\">Eso no significa que tenga asegurada la elecci\u00f3n. Pero ser\u00eda ingenuo desconocer que parte de la competencia comienza con esa ventaja.<\/p>\n<p class=\"wp-block-paragraph\">Los partidos Acci\u00f3n Nacional (PAN), Revolucionario Institucional (PRI), Movimiento Ciudadano (MC) y los dem\u00e1s participantes tendr\u00e1n que decidir si quieren competir realmente o limitarse a conservar registros, prerrogativas y posiciones.<\/p>\n<p class=\"wp-block-paragraph\">Porque para ganar una elecci\u00f3n no alcanza con tener candidatos. Se necesitan candidatos con votos. Y esa diferencia ser\u00e1 determinante.<\/p>\n<p class=\"wp-block-paragraph\">Hay municipios donde los partidos todav\u00eda tienen liderazgos capaces de movilizar ciudadanos. Pero tambi\u00e9n existen otros donde la estructura partidista pr\u00e1cticamente desapareci\u00f3 y s\u00f3lo sobrevive la nostalgia de lo que alguna vez fue.<\/p>\n<p class=\"wp-block-paragraph\">Ah\u00ed est\u00e1 el verdadero problema. Y No hay que confundir simpatizantes con operadores. Ni operadores con votos. Mucho menos votos con votos propios.<\/p>\n<p class=\"wp-block-paragraph\"><strong>Los nombres<\/strong><\/p>\n<p class=\"wp-block-paragraph\">En Tamaulipas comenzar\u00e1n a circular nombres a partir de la semana entrante. Es inevitable. Algunos ser\u00e1n reales. Y otros ser\u00e1n globos de ensayo.<\/p>\n<p class=\"wp-block-paragraph\">Tambi\u00e9n habr\u00e1 quienes se autopostulen con la esperanza de que repetir muchas veces su nombre termine convirti\u00e9ndolos en candidatos.<\/p>\n<p class=\"wp-block-paragraph\">La pol\u00edtica tiene tambi\u00e9n esas curiosidades. El problema ser\u00e1 determinar qui\u00e9n puede ganar una elecci\u00f3n y qui\u00e9n solamente puede ganar una encuesta interna. No es lo mismo.<\/p>\n<p class=\"wp-block-paragraph\">Tampoco ser\u00e1 sencillo convencer a los ciudadanos de que determinadas figuras representan una alternativa cuando llevan a\u00f1os brincando de una posici\u00f3n a otra.<\/p>\n<p class=\"wp-block-paragraph\">La memoria electoral existe.<\/p>\n<p class=\"wp-block-paragraph\">Y aunque algunos pol\u00edticos parecen empe\u00f1ados en creer que el ciudadano olvida todo despu\u00e9s de tres a\u00f1os, las urnas suelen demostrar lo contrario.<\/p>\n<p class=\"wp-block-paragraph\">Las alianzas, por su parte, son otro asunto en el que descansar\u00e1 gran parte de la elecci\u00f3n, pues los partidos tendr\u00e1n que decidir si concurren solos, si construyen alianzas parciales o si intentan reproducir aquellas coaliciones que, en otros tiempos, parec\u00edan imposibles.<\/p>\n<p class=\"wp-block-paragraph\">El problema es que sumar logotipos no necesariamente significa sumar votos. Dos partidos con estructuras d\u00e9biles no producen autom\u00e1ticamente una estructura fuerte. Y tres candidatos que no generan entusiasmo dif\u00edcilmente conseguir\u00e1n que una alianza produzca entusiasmo.<\/p>\n<p class=\"wp-block-paragraph\">La aritm\u00e9tica electoral no siempre funciona como la aritm\u00e9tica de escritorio, pues hay regiones donde una marca tiene presencia. En otras, un candidato arrastra. Y existen municipios donde ocurre exactamente lo contrario: el candidato puede ser conocido, pero el partido carece de estructura suficiente para llevarlo a la boleta y, despu\u00e9s, a la urna.<\/p>\n<p class=\"wp-block-paragraph\">Por eso las decisiones que se tomen durante los pr\u00f3ximos meses ser\u00e1n fundamentales.<\/p>\n<p class=\"wp-block-paragraph\">Correo:\u00a0<a href=\"mailto:jusam_gg@hotmail.com\" target=\"_blank\" rel=\"noopener\"><u>jusam_gg@hotmail.com<\/u><\/a><\/p>\n","protected":false},"excerpt":{"rendered":"<p>GOLPE A GOLPE Por Juan S\u00e1nchez Mendoza El pr\u00f3ximo d\u00eda 10 arrancar\u00e1 formalmente el proceso electoral federal 2026-2027, para la renovaci\u00f3n de las 500 diputaciones federales. Pero no ser\u00e1 solamente una elecci\u00f3n federal. En las 32 entidades habr\u00e1 procesos concurrentes y, en Tamaulipas, el Instituto Electoral estatal (IETAM) tendr\u00e1 que hacer lo propio con la [&hellip;]<\/p>\n","protected":false},"author":1,"featured_media":197761,"comment_status":"closed","ping_status":"closed","sticky":false,"template":"","format":"standard","meta":{"footnotes":""},"categories":[16],"tags":[],"class_list":["post-227616","post","type-post","status-publish","format-standard","has-post-thumbnail","hentry","category-opinion"],"_links":{"self":[{"href":"https:\/\/www.elsinodaldetamaulipas.com.mx\/index.php?rest_route=\/wp\/v2\/posts\/227616","targetHints":{"allow":["GET"]}}],"collection":[{"href":"https:\/\/www.elsinodaldetamaulipas.com.mx\/index.php?rest_route=\/wp\/v2\/posts"}],"about":[{"href":"https:\/\/www.elsinodaldetamaulipas.com.mx\/index.php?rest_route=\/wp\/v2\/types\/post"}],"author":[{"embeddable":true,"href":"https:\/\/www.elsinodaldetamaulipas.com.mx\/index.php?rest_route=\/wp\/v2\/users\/1"}],"replies":[{"embeddable":true,"href":"https:\/\/www.elsinodaldetamaulipas.com.mx\/index.php?rest_route=%2Fwp%2Fv2%2Fcomments&post=227616"}],"version-history":[{"count":1,"href":"https:\/\/www.elsinodaldetamaulipas.com.mx\/index.php?rest_route=\/wp\/v2\/posts\/227616\/revisions"}],"predecessor-version":[{"id":227623,"href":"https:\/\/www.elsinodaldetamaulipas.com.mx\/index.php?rest_route=\/wp\/v2\/posts\/227616\/revisions\/227623"}],"wp:featuredmedia":[{"embeddable":true,"href":"https:\/\/www.elsinodaldetamaulipas.com.mx\/index.php?rest_route=\/wp\/v2\/media\/197761"}],"wp:attachment":[{"href":"https:\/\/www.elsinodaldetamaulipas.com.mx\/index.php?rest_route=%2Fwp%2Fv2%2Fmedia&parent=227616"}],"wp:term":[{"taxonomy":"category","embeddable":true,"href":"https:\/\/www.elsinodaldetamaulipas.com.mx\/index.php?rest_route=%2Fwp%2Fv2%2Fcategories&post=227616"},{"taxonomy":"post_tag","embeddable":true,"href":"https:\/\/www.elsinodaldetamaulipas.com.mx\/index.php?rest_route=%2Fwp%2Fv2%2Ftags&post=227616"}],"curies":[{"name":"wp","href":"https:\/\/api.w.org\/{rel}","templated":true}]}}