{"id":227620,"date":"2026-09-04T11:31:55","date_gmt":"2026-09-04T15:31:55","guid":{"rendered":"https:\/\/www.elsinodaldetamaulipas.com.mx\/?p=227620"},"modified":"2026-09-04T11:39:38","modified_gmt":"2026-09-04T15:39:38","slug":"lider-del-congreso-consolida-su-posicion-como-puntero","status":"publish","type":"post","link":"https:\/\/www.elsinodaldetamaulipas.com.mx\/?p=227620","title":{"rendered":"L\u00cdDER DEL CONGRESO CONSOLIDA POSICI\u00d3N ENTRE SUS PARES DEL PA\u00cdS"},"content":{"rendered":"<p class=\"wp-block-paragraph\">T E C L A Z O S<br \/>\nPor Guadalupe E. Gonz\u00e1lez<\/p>\n<p><strong>X.-Y, como l\u00edder y gu\u00eda del Congreso de Tamaulipas, ha<\/strong><br \/>\n<strong>logrado consolidar un tangible eje rector legislativo y gran<\/strong><br \/>\n<strong>liderazgo nacional.<\/strong><\/p>\n<p class=\"wp-block-paragraph\">QUIEN se ha venido perfilando fehacientemente, para dirigir los destinos de<br \/>\nsu querida Reynosa, es el Diputado presidente del Congreso de Tamaulipas<br \/>\nHumberto Armando Prieto Herrera, qui\u00e9n por su talento y calidad<br \/>\n\u201ctrabajar para servir y ofrecer resultados\u201d, hoy como l\u00edder y gu\u00eda de la<br \/>\nHonorable 66 Legislatura del Estado, \u201cha logrado consolidar un tangible eje<br \/>\nrector legislativo y, con ello, un gran liderazgo a nivel nacional\u201d.<br \/>\nPOR este relevante motivo, se vislumbra que hoy, el Diputado Humberto<br \/>\nPrieto, pese a las adversidades pol\u00edticas, a lo largo y ancho de Reynosa, \u201cha<br \/>\nvenido sembrando huellas dignas e invaluables de fecundo y creador trabajo<br \/>\nde claro bienestar social\u201d, cuya tarea pol\u00edtica, desde mi \u00f3ptica, se confirma el<br \/>\nempe\u00f1o, el esfuerzo y la gran metodolog\u00eda que instrumenta en cada una de sus<br \/>\nacciones ese joven legislador que, \u201cse ha convertido en un gran servidor<br \/>\np\u00fablico\u201d, porque, en plan preponderante Prieto Herrera, lleva por el mejor de<br \/>\nlos senderos a la Junta de Gobierno de Tamaulipas (JUGOB).<br \/>\nES importante destacar que, \u201ccuando en el ejercicio p\u00fablico, se trabaja a<br \/>\ncabalidad y, en base a principios, valores y buenos deseos, los retos y objetivos<br \/>\nque se tracen, desde cualquier trinchera, \u201cse convierten en la mejor piedra<br \/>\nangular de trabajo y resultados\u201d para los estados y municipios.<\/p>\n<p class=\"wp-block-paragraph\">POR ello, hoy el Diputado presidente de la JUGOB Humberto Armando<br \/>\nPrieto Herrera, ha logrado destacar a nivel nacional, al llevar al Congreso de<br \/>\nTamaulipas, a un lugar preponderante, cuyo detalle, \u201ces el fiel reflejo del<br \/>\ntrabajo que de manera tenaz y perseverante, lleva a cabo el connotado<br \/>\ncongresista reynosense, para bien de Tamaulipas y de su querida Reynosa.<br \/>\nPORQUE, de acuerdo con la medici\u00f3n difundida por la empresa Congresistas,<br \/>\ncorrespondiente al periodo Abril Agosto, Prieto Herrera logr\u00f3 mantener el<br \/>\nprimer lugar entre los presidentes de los Congresos locales del pa\u00eds, con una<br \/>\naprobaci\u00f3n de 70.1 por ciento.<br \/>\nY, como, \u201cla evaluaci\u00f3n considera variable el desempe\u00f1o legislativo,<br \/>\nconstrucci\u00f3n de acuerdos parlamentarios, gesti\u00f3n social e impacto partidista\u201d.<br \/>\nEsto condujo a que, por este esencial ejercicio, \u201cfueran analizados los 32<br \/>\ntitulares de los Congresos estatales\u201d.<br \/>\nPOR esta raz\u00f3n, \u201cel resultado tambi\u00e9n coloca al Congreso de Tamaulipas,<br \/>\nentre los cinco mejor evaluados del pa\u00eds y representa, por tercera ocasi\u00f3n, la<br \/>\nposici\u00f3n n\u00famero uno para\u2013Humberto Prieto Herrera\u201d.<br \/>\nM\u00c1S all\u00e1 de la cifra, queda claro tambi\u00e9n que, el dato tiene una lectura<br \/>\npol\u00edtica: Y, por ende, \u201cel coordinador del Grupo Parlamentario de Morena en<br \/>\nTamaulipas, ha conseguido construir una posici\u00f3n de relevancia que,<br \/>\nnaturalmente, rebasa el \u00e1mbito estrictamente legislativo\u201d.<br \/>\nINCLUSO, a pocas semanas de que la Sexag\u00e9sima Sexta Legislatura cumpla<br \/>\ndos a\u00f1os de ejercicio, \u201cse afianza el desempe\u00f1o desarrollado por el Diputado<br \/>\nPrieto Herrera, qui\u00e9n ha fortalecido su interlocuci\u00f3n dentro de Morena y,<br \/>\nparticularmente, su presencia en el escenario pol\u00edtico de Reynosa\u201d. Y, por este<br \/>\nfundamental motivo \u201cno lo pierdan de vista\u201d<br \/>\nPORQUE, precisamente Reynosa, \u201ces el municipio, donde el resultado de<br \/>\ntrabajo del Diputado Prieto Herrera, es en el adquiere una dimensi\u00f3n<br \/>\nadicional de mayor relevancia y trascendencia\u201d.<br \/>\nADEM\u00c1S, en MORENA, se confirma que, las definiciones rumbo a los<br \/>\npr\u00f3ximos procesos electorales, \u201cestar\u00e1n sujetas ha encuestas, acuerdos,<\/p>\n<p class=\"wp-block-paragraph\">competitividad, equilibrios pol\u00edticos y a las decisiones que finalmente adopten<br \/>\nlas dirigencias del partido\u201d.<br \/>\nENTIENDASE por ello, que, en ese contexto, una evaluaci\u00f3n nacional que<br \/>\ncoloca a Humberto Prieto, \u201ccomo el presidente de Congreso local mejor<br \/>\ncalificado, constituye un activo pol\u00edtico que dif\u00edcilmente puede pasar<br \/>\ninadvertido, cuando llegue el momento de valorar los perfiles\u201d.<br \/>\nPRIETO Herrera, desde un punto de vista con equilibrio pol\u00edtico, \u201cno es<br \/>\nsolamente el presidente del Congreso Tamaulipas, porque, tambi\u00e9n el<br \/>\ncoordinador de Morena en la Legislatura 66, es una figura que, con resultados<br \/>\nlegislativos y presencia pol\u00edtica, ha logrado proyectarse fuera de Tamaulipas\u201d.<br \/>\nPOR ESTE motivo, queda claro que, \u201cmientras Morena se encamina hacia sus<br \/>\npr\u00f3ximas definiciones\u201d, el nombre del Diputado Humberto Prieto, \u201cha venido<br \/>\nadquiriendo mayor presencia en la ecuaci\u00f3n pol\u00edtica de Reynosa\u201d.<br \/>\nY, SI Todav\u00eda no hay una candidatura definida. Les dir\u00e9 con plena certeza<br \/>\nque, \u201cs\u00ed hay un dato objetivo que modifica la conversaci\u00f3n\u201d, Porque, el<br \/>\npresidente del Congreso de Tamaulipas, \u201cconserva el liderazgo nacional entre<br \/>\nsus pares\u201d y, con ello, (fortalece sus credenciales pol\u00edticas frente a las<br \/>\ndecisiones que, habr\u00e1 de tomar la Cuarta Transformaci\u00f3n, en el futuro<br \/>\ninmediato).<br \/>\nFINALMENTE, les dir\u00e9 que ante esta gran visi\u00f3n, surge la pregunta:<br \/>\n\u201centonces, ya no parece ser \u00fanicamente qui\u00e9n aspira a Reynosa, sino qui\u00e9n<br \/>\nllega mejor posicionado a la hora en que Morena, tenga que decidir\u201d.<br \/>\nPor hoy es todo y hasta ma\u00f1ana.<br \/>\nPara sugerencias y puntos de vista en general al email:<br \/>\n<a href=\"mailto:lupeernesto@yahoo.com.mx\">lupeernesto@yahoo.com.mx<\/a><\/p>\n","protected":false},"excerpt":{"rendered":"<p>T E C L A Z O S Por Guadalupe E. Gonz\u00e1lez X.-Y, como l\u00edder y gu\u00eda del Congreso de Tamaulipas, ha logrado consolidar un tangible eje rector legislativo y gran liderazgo nacional. QUIEN se ha venido perfilando fehacientemente, para dirigir los destinos de su querida Reynosa, es el Diputado presidente del Congreso de Tamaulipas [&hellip;]<\/p>\n","protected":false},"author":1,"featured_media":216767,"comment_status":"closed","ping_status":"closed","sticky":false,"template":"","format":"standard","meta":{"footnotes":""},"categories":[16],"tags":[],"class_list":["post-227620","post","type-post","status-publish","format-standard","has-post-thumbnail","hentry","category-opinion"],"_links":{"self":[{"href":"https:\/\/www.elsinodaldetamaulipas.com.mx\/index.php?rest_route=\/wp\/v2\/posts\/227620","targetHints":{"allow":["GET"]}}],"collection":[{"href":"https:\/\/www.elsinodaldetamaulipas.com.mx\/index.php?rest_route=\/wp\/v2\/posts"}],"about":[{"href":"https:\/\/www.elsinodaldetamaulipas.com.mx\/index.php?rest_route=\/wp\/v2\/types\/post"}],"author":[{"embeddable":true,"href":"https:\/\/www.elsinodaldetamaulipas.com.mx\/index.php?rest_route=\/wp\/v2\/users\/1"}],"replies":[{"embeddable":true,"href":"https:\/\/www.elsinodaldetamaulipas.com.mx\/index.php?rest_route=%2Fwp%2Fv2%2Fcomments&post=227620"}],"version-history":[{"count":3,"href":"https:\/\/www.elsinodaldetamaulipas.com.mx\/index.php?rest_route=\/wp\/v2\/posts\/227620\/revisions"}],"predecessor-version":[{"id":227626,"href":"https:\/\/www.elsinodaldetamaulipas.com.mx\/index.php?rest_route=\/wp\/v2\/posts\/227620\/revisions\/227626"}],"wp:featuredmedia":[{"embeddable":true,"href":"https:\/\/www.elsinodaldetamaulipas.com.mx\/index.php?rest_route=\/wp\/v2\/media\/216767"}],"wp:attachment":[{"href":"https:\/\/www.elsinodaldetamaulipas.com.mx\/index.php?rest_route=%2Fwp%2Fv2%2Fmedia&parent=227620"}],"wp:term":[{"taxonomy":"category","embeddable":true,"href":"https:\/\/www.elsinodaldetamaulipas.com.mx\/index.php?rest_route=%2Fwp%2Fv2%2Fcategories&post=227620"},{"taxonomy":"post_tag","embeddable":true,"href":"https:\/\/www.elsinodaldetamaulipas.com.mx\/index.php?rest_route=%2Fwp%2Fv2%2Ftags&post=227620"}],"curies":[{"name":"wp","href":"https:\/\/api.w.org\/{rel}","templated":true}]}}