{"id":227622,"date":"2026-09-04T11:37:00","date_gmt":"2026-09-04T15:37:00","guid":{"rendered":"https:\/\/www.elsinodaldetamaulipas.com.mx\/?p=227622"},"modified":"2026-09-04T11:37:00","modified_gmt":"2026-09-04T15:37:00","slug":"la-novatada-de-veterinaria","status":"publish","type":"post","link":"https:\/\/www.elsinodaldetamaulipas.com.mx\/?p=227622","title":{"rendered":"LA NOVATADA DE VETERINARIA"},"content":{"rendered":"<p class=\"wp-block-paragraph\">La Facultad de Veterinaria y Zootecnia de la UAT es de las mejores en Latinoam\u00e9rica, quiz\u00e1 del mundo, en esa especialidad, la \u00fanica que en sus propias instalaciones tiene corrales, criaderos de animales, serpentarios, una posta para ofrecer sus productos, eso, m\u00e1s convenios que presumir con universidades y empresarios ganaderos de Estados Unidos, Colombia, Brasil y muchos otros pa\u00edses.<\/p>\n<p class=\"wp-block-paragraph\">Por eso es de las que mayor demanda tienen en este momento, porque tiene todas sus especialidades y posgrados certificados, los catedr\u00e1ticos de sus aulas son de esos que llegan a tener doctorados, maestr\u00edas, especialidades y subespecialidades hasta ex\u00f3ticas, con nombres hasta extra\u00f1os porque los obtuvieron en otras partes de M\u00e9xico y el mundo, y luego llegan a impartir sus conocimientos a los muchachos tamaulipecos y a los que llegan de otras partes del pa\u00eds.<\/p>\n<p class=\"wp-block-paragraph\">Le dejo esta certeza basada en evaluaciones hechas en otros tiempos y ahora mismo, tambi\u00e9n, para que no se deje influencias por mentiras, por quien quiere mezclar la calidad de esa instituci\u00f3n o de la Universidad Aut\u00f3noma de Tamaulipas con lo que esta semana ocurri\u00f3 en una \u201cnovatada\u201d.<\/p>\n<p class=\"wp-block-paragraph\">D\u00e9jeme ponerlo en contexto y contarle la historia:<\/p>\n<p class=\"wp-block-paragraph\">Desde la orilla de una c\u00e9ntrica calle de Victoria los vi pasar, era un cami\u00f3n adornado para el evento, atr\u00e1s y delante del mismo veh\u00edculo decenas de j\u00f3venes que p\u00fablicamente rapaban a otros, que exhib\u00edan a algunos m\u00e1s emplumados, ba\u00f1ados a huevazos, oliendo a esti\u00e9rcol, en casos m\u00e1s agresivos para la dignidad de sus compa\u00f1eros estudiantes, los llevaban vestidos de mujer y preparados para venderse como \u201cesclavas\u201d que entre m\u00e1s r\u00e1pido se compraran, m\u00e1s pronto terminaba el martirio o comenzaba el otro, el de barrer, trapear y limpiar casas.<\/p>\n<p class=\"wp-block-paragraph\">Obvio que corr\u00eda el alcohol a raudales porque hab\u00eda algarab\u00eda al presentar a la sociedad su forma de \u201crecibir a los novatos\u201d.<\/p>\n<p class=\"wp-block-paragraph\">Le hablo de mi \u00e9poca de chavo, de estudiante universitario, 30 a\u00f1os atr\u00e1s, quiz\u00e1 m\u00e1s, y de las \u00faltimas veces que se lleg\u00f3 a esos extremos porque, debido a los riesgos y a la violencia que generaban por uno que otro inconforme con ese trato a estudiantes de reci\u00e9n ingreso, comenzaron a prohibirse o, en el peor de los casos, a hacerse m\u00e1s \u201clight\u201d y fuera de lo p\u00fablico.<\/p>\n<p class=\"wp-block-paragraph\">Y llegaron los recuerdos a la cabeza por lo que sucedi\u00f3 este 2 de septiembre en la Facultad de Veterinaria y Zootecnia de la UAT, una de esas nuevas novatadas se sali\u00f3 de control con un accidente ocurrido a uno de los estudiantes, al parecer, se le hizo ingerir un chile, de los llamados habaneros, lo que le provoc\u00f3 una reacci\u00f3n y termin\u00f3 en un hospital por otras complicaciones alentadas por el trato.<\/p>\n<p class=\"wp-block-paragraph\">Ese tipo de actos, las novatadas, hay que decirlo, no son promovidos ni aceptadas por la autoridad universitaria.<\/p>\n<p class=\"wp-block-paragraph\">Al contrario, desde la misma Rector\u00eda se anunci\u00f3 una investigaci\u00f3n para deslindar responsabilidades y aplicar sanciones en caso de que los hechos lo ameriten y la direcci\u00f3n del plantel tambi\u00e9n detall\u00f3 que prepara un informe de los hechos, que se investiga y que se realizar\u00e1 lo conducente de acuerdo con los estatutos.<\/p>\n<p class=\"wp-block-paragraph\">Y, sin embargo, en las redes sociales, los restos del cabecismo, sobre todo de los personajes que fueron echados de los presupuestos universitarios, comenzaron una guerra medi\u00e1tica contra el rector D\u00e1maso Anaya Alvarado y contra el director de la Facultad de Veterinaria.<\/p>\n<p class=\"wp-block-paragraph\">A fuerza de sinceridad, le puedo asegurar que lo que menos les interesa a quienes orquestan ataques a las autoridades universitarias es el joven lesionado u hospitalizado, porque hasta con singular alegr\u00eda mienten sobre la situaci\u00f3n m\u00e9dica del mismo, y m\u00e1s sobre el origen de la novatada de esta semana, en la cual, en redes sociales, muchos de los estudiantes de nuevo ingreso subieron sus videos y fotos a las redes, en las denuncias afirmaron, en sus cuentas propias, que ellos accedieron a participar en esos eventos como parte de \u201cuna tradici\u00f3n\u201d, que en el desarrollo de esa novatada tambi\u00e9n que les preguntaron sobre su salud e incluso que dejaron de aplicarse castigos a quienes no toleraban ciertos tratos en su debido momento, es decir, que mucho de lo ocurrido fue promovido, alentado o por lo menos aceptado por los estudiantes de primer semestre.<\/p>\n<p class=\"wp-block-paragraph\">\u00bfEs grave lo ocurrido en la novatada o con el hospitalizado?, por supuesto que s\u00ed, pero lo m\u00e1s real es que las autoridades universitarias poco o nada pueden hacer por evitar esos comportamientos que pareciera se originan de una cultura, como ellos mismos le llaman, de \u201cuna \u00e9pica tradici\u00f3n\u201d.<\/p>\n<p class=\"wp-block-paragraph\">Ahora, hay que reiterar algo, la calidad educativa de la Facultad de Veterinaria y Zootecnia de la UAT no est\u00e1 en duda, tampoco los avances agigantados en materia de certificaci\u00f3n, investigaci\u00f3n y desarrollo sustentable que promueve el mismo rector D\u00e1maso Anaya Alvarado. Por darle datos, durante su rectorado esa facultad mejor\u00f3 su rastro Tipo Inspecci\u00f3n Federal, adem\u00e1s tienen en marcha el programa Carne Tam, que no es otra cosa que aprovechar la calidad gen\u00e9tica del ganado tamaulipeco y de otras parte del pa\u00eds para que, en las instalaciones de Veterinaria, se procese, se hagan cortes, se aprovechen todos sus productos y la ganancia sea hasta 10 veces m\u00e1s alta para el productor y de paso haga sustentable la investigaci\u00f3n y el desarrollo de la instituci\u00f3n educativa, le recuerdo, los cortes, el procesamiento de carne, es algo que ahora se hace en Estados Unido, de all\u00e1 se compra el ganado en pie, por kilo, muy barato, y luego nos lo regresan en cortes a M\u00e9xico como si se tratara de oro.<\/p>\n<p class=\"wp-block-paragraph\">En fin, para concretar, esos avances del producto Carne Tam, de su rastro, de sus investigaciones, no se observan en otra instituci\u00f3n de veterinaria en todo el pa\u00eds y, es cierto, para usted y para m\u00ed, que ya estamos viejos, que ya hemos vivido todo ese tipo de cosas, que tenemos hijos en edad escolar, pues nos desagradan los riesgos de las novatadas, creemos que se debe hacer algo para prohibirlas, pero hoy, ni nunca, estos eventos deben ser utilizados (menos a\u00fan, cuando se llega a engrandecer esc\u00e1ndalos con mentiras) para atacar la imagen de una instituci\u00f3n en cuyas aulas se forman profesionales que en un futuro vivir\u00e1n dignamente, que ser\u00e1n requeridos por el mercado laboral en su momento, es m\u00e1s, que dar\u00e1n prestigio a Tamaulipas porque es probable que su marca de carne un d\u00eda llegue a ser la m\u00e1s famosa del pa\u00eds y requerida por pa\u00edses de otras partes del mundo\u2026<\/p>\n<p class=\"wp-block-paragraph\">DESTACA AM\u00c9RICO INVERSI\u00d3N Y BIENESTAR PARA FORTALECER LIDERAZGO DE NUEVO LAREDO\u2026 El gobernador asisti\u00f3 al Segundo Informe de la alcaldesa Carmen Lilia Canturosas.<\/p>\n<p class=\"wp-block-paragraph\">En Nuevo Laredo se han aplicado cerca de 8 mil 900 millones de pesos de inversi\u00f3n estatal y federal, los Programas para el Bienestar han crecido 190 por ciento en su derrama anual, y hoy benefician a m\u00e1s de 57 mil neolaredenses y con nuevos proyectos ferroviarios y energ\u00e9ticos se reafirma la posici\u00f3n de su liderazgo log\u00edstico y para el comercio internacional, afirm\u00f3 el gobernador Am\u00e9rico Villarreal Anaya.<\/p>\n<p class=\"wp-block-paragraph\">\u00abEl objetivo es claro: que la fortaleza log\u00edstica y econ\u00f3mica de Nuevo Laredo se traduzca en m\u00e1s inversi\u00f3n, m\u00e1s empleo y, sobre todo, en una prosperidad compartida, que alcance y toque todos los sectores sociales\u00bb, mencion\u00f3.<\/p>\n<p class=\"wp-block-paragraph\">Durante el segundo informe de la presidenta municipal, Carmen Lilia Canturosas Villarreal, en el Polyforum La Fe, de esta ciudad, el gobernador destac\u00f3 que en infraestructura, el Estado ha destinado a Nuevo Laredo 760 millones de pesos, principalmente a vialidades y agua, con obras como la ampliaci\u00f3n de la Planta Potabilizadora Norte, la rehabilitaci\u00f3n del Segundo Anillo Perif\u00e9rico y trabajos en el acceso al Puente III.<\/p>\n<p class=\"wp-block-paragraph\">Tambi\u00e9n, dijo, se han canalizado m\u00e1s de mil 90 millones de pesos en programas estrat\u00e9gicos, fortaleciendo a empresas, educaci\u00f3n y en favor de las familias.<\/p>\n<p class=\"wp-block-paragraph\">\u00abCon su Ayuntamiento y el apoyo de la Presidenta de M\u00e9xico se consolida el futuro de este puerto fronterizo como la sede de la Agencia Nacional de Aduanas, los siguientes pasos para la modernizaci\u00f3n del Puente III cuya concesi\u00f3n nos ha refrendado la Presidenta con el Tren Saltillo-Nuevo Laredo y con los nuevos proyectos ferroviarios y energ\u00e9ticos, que reafirman la posici\u00f3n de su liderazgo log\u00edstico y para el comercio internacional\u00bb, expres\u00f3.<\/p>\n<p class=\"wp-block-paragraph\">Adem\u00e1s, mencion\u00f3, hay proyectos en desarrollo por 366 millones de d\u00f3lares de inversi\u00f3n privada y m\u00e1s de 3 mil 300 empleos directos.<\/p>\n<p class=\"wp-block-paragraph\">Am\u00e9rico Villarreal mencion\u00f3 de manera especial el reconocimiento que hizo recientemente la presidenta Claudia Sheinbaum, durante su conferencia ma\u00f1anera, sobre los logros en materia de seguridad y paz en Nuevo Laredo que sit\u00faan a esta ciudad en el cuarto lugar a nivel nacional de la mejor percepci\u00f3n de seguridad y que ha seguido avanzando consistentemente.<\/p>\n<p class=\"wp-block-paragraph\">Por su parte, la presidenta municipal, Carmen Lilia Canturosas, hizo un reconocimiento a la visi\u00f3n humanista y la forma responsable y honesta de gobernar de Am\u00e9rico Villarreal.<\/p>\n<p class=\"wp-block-paragraph\">\u00abUsted ha entendido algo fundamental, Tamaulipas no puede desarrollarse si sus regiones caminan separadas. Nuevo Laredo, por su fortaleza econ\u00f3mica, log\u00edstica y fronteriza, es una pieza estrat\u00e9gica para el presente y el futuro de nuestro estado\u00bb, dijo.<\/p>\n<p class=\"wp-block-paragraph\">Mencion\u00f3 que gracias a la coordinaci\u00f3n con el Gobierno del Estado se ha avanzado en infraestructura, saneamiento, movilidad y bienestar.<\/p>\n<p class=\"wp-block-paragraph\">\u00abSu respaldo ha sido fundamental y se lo reconocemos con gratitud y con resultados. Muchas gracias, se\u00f1or gobernador\u00bb, puntualiz\u00f3.<\/p>\n<p class=\"wp-block-paragraph\">La alcaldesa apunt\u00f3 que este segundo informe no habla solamente de un a\u00f1o, sino de una transformaci\u00f3n que comenz\u00f3 en 2021, que fue refrendada por el pueblo en 2024 y que hoy puede verse, sentirse y medirse en todo Nuevo Laredo.<\/p>\n<p class=\"wp-block-paragraph\">En este informe se cont\u00f3 con la presencia de funcionarios del gabinete estatal, diputados federales y locales, senadoras, miembros del cuerpo diplom\u00e1tico, presidentas y presidentes municipales y representantes de todos los sectores productivos de Nuevo Laredo.<\/p>\n<p class=\"wp-block-paragraph\">ASISTE LALO GATT\u00c1S A SEGUNDO INFORME DE CARMEN LILIA CANTUROSAS\u2026 El alcalde de Victoria, Lalo Gatt\u00e1s, asisti\u00f3 al Segundo Informe de Gobierno de la presidenta municipal de Nuevo Laredo, Carmen Lilia Canturosas, a qui\u00e9n reconoci\u00f3 el trabajo realizado al frente de la administraci\u00f3n municipal m\u00e1s importante de la frontera con Estados Unidos.<\/p>\n<p class=\"wp-block-paragraph\">Al t\u00e9rmino de la exposici\u00f3n, destac\u00f3 los avances en infraestructura, desarrollo econ\u00f3mico y bienestar social logrados durante su gesti\u00f3n.<\/p>\n<p class=\"wp-block-paragraph\">\u00abMi reconocimiento a mi amiga Carmen Lilia Canturosas por su gran trabajo y resultados. Nuevo Laredo es ejemplo de transformaci\u00f3n y de un gobierno que trabaja cercano a su gente\u00bb, expres\u00f3.<\/p>\n<p class=\"wp-block-paragraph\">Con su presencia, el alcalde de Victoria refrend\u00f3 los lazos de colaboraci\u00f3n y unidad entre el gobierno de la Capital de Tamaulipas y Nuevo Laredo.<\/p>\n<p class=\"wp-block-paragraph\">DEFENSOR\u00cdA DE LOS DERECHOS UNIVERSITARIOS DE LA UAT ABRE CARPETA PREVIA POR HECHOS OCURRIDOS EN LA FACULTAD DE MEDICINA VETERINARIA Y ZOOTECNIA\u2026 Por instrucciones del rector D\u00e1maso Anaya y a solicitud del Director de la Facultad de Medicina Veterinaria y Zootecnia, la Defensor\u00eda de los Derechos Universitarios de la Universidad Aut\u00f3noma de Tamaulipas (DDU UAT) inform\u00f3 sobre el acuerdo emitido con motivo de hechos ocurridos recientemente al interior de esa instituci\u00f3n, en los que presuntamente se habr\u00eda visto afectado un estudiante for\u00e1neo de primer semestre, y que pudieran ser contrarios a los principios de sana convivencia universitaria.<\/p>\n<p class=\"wp-block-paragraph\">Con fundamento en las atribuciones que le confieren el art\u00edculo 83 del Estatuto Org\u00e1nico de la UAT y el art\u00edculo 2 del Reglamento de la Defensor\u00eda de los Derechos Universitarios, para conocer de oficio de posibles hechos de su competencia, se determin\u00f3 lo siguiente:<\/p>\n<p class=\"wp-block-paragraph\">PRIMERO. Se orden\u00f3 la apertura de la Carpeta Previa 34\/2026, con el prop\u00f3sito de allegarse de los elementos necesarios para conocer las circunstancias de los hechos y, en su caso, determinar las acciones institucionales que correspondan.<\/p>\n<p class=\"wp-block-paragraph\">SEGUNDO. Con fundamento en el art\u00edculo 86, fracci\u00f3n III, del Estatuto Org\u00e1nico y el art\u00edculo 12, fracci\u00f3n VII, del Reglamento de la Defensor\u00eda, se solicit\u00f3 un informe detallado respecto de los hechos ocurridos el 2 de septiembre de 2026, mismo que deber\u00e1 ser rendido en un plazo no mayor a dos d\u00edas h\u00e1biles.<\/p>\n<p class=\"wp-block-paragraph\">El acuerdo fue emitido por la Coordinaci\u00f3n de Procedimientos, atendiendo las instrucciones del Titular de la Defensor\u00eda de los Derechos Universitarios y de conformidad con la normatividad universitaria aplicable.<\/p>\n<p class=\"wp-block-paragraph\">La Universidad Aut\u00f3noma de Tamaulipas reitera su compromiso con la protecci\u00f3n de los derechos de su comunidad estudiantil, el respeto al debido proceso y la promoci\u00f3n de espacios universitarios seguros y de sana convivencia.<\/p>\n<p class=\"wp-block-paragraph\">Coloque en el buscador de facebok @CENADeNegros1 y le agradecer\u00e9 que me regale un Me Gusta, adem\u00e1s nos puede seguir en la cuenta de X @gatovaliente y, como siempre, le dejo el correo electr\u00f3nico a sus \u00f3rdenes para lo que guste y mande\u2026\u00a0<a href=\"mailto:marcovazquez20001@hotmail.com\" target=\"_blank\" rel=\"noopener\"><u>marcovazquez20001@hotmail.com<\/u><\/a><\/p>\n","protected":false},"excerpt":{"rendered":"<p>La Facultad de Veterinaria y Zootecnia de la UAT es de las mejores en Latinoam\u00e9rica, quiz\u00e1 del mundo, en esa especialidad, la \u00fanica que en sus propias instalaciones tiene corrales, criaderos de animales, serpentarios, una posta para ofrecer sus productos, eso, m\u00e1s convenios que presumir con universidades y empresarios ganaderos de Estados Unidos, Colombia, Brasil [&hellip;]<\/p>\n","protected":false},"author":1,"featured_media":214941,"comment_status":"closed","ping_status":"closed","sticky":false,"template":"","format":"standard","meta":{"footnotes":""},"categories":[16],"tags":[],"class_list":["post-227622","post","type-post","status-publish","format-standard","has-post-thumbnail","hentry","category-opinion"],"_links":{"self":[{"href":"https:\/\/www.elsinodaldetamaulipas.com.mx\/index.php?rest_route=\/wp\/v2\/posts\/227622","targetHints":{"allow":["GET"]}}],"collection":[{"href":"https:\/\/www.elsinodaldetamaulipas.com.mx\/index.php?rest_route=\/wp\/v2\/posts"}],"about":[{"href":"https:\/\/www.elsinodaldetamaulipas.com.mx\/index.php?rest_route=\/wp\/v2\/types\/post"}],"author":[{"embeddable":true,"href":"https:\/\/www.elsinodaldetamaulipas.com.mx\/index.php?rest_route=\/wp\/v2\/users\/1"}],"replies":[{"embeddable":true,"href":"https:\/\/www.elsinodaldetamaulipas.com.mx\/index.php?rest_route=%2Fwp%2Fv2%2Fcomments&post=227622"}],"version-history":[{"count":1,"href":"https:\/\/www.elsinodaldetamaulipas.com.mx\/index.php?rest_route=\/wp\/v2\/posts\/227622\/revisions"}],"predecessor-version":[{"id":227624,"href":"https:\/\/www.elsinodaldetamaulipas.com.mx\/index.php?rest_route=\/wp\/v2\/posts\/227622\/revisions\/227624"}],"wp:featuredmedia":[{"embeddable":true,"href":"https:\/\/www.elsinodaldetamaulipas.com.mx\/index.php?rest_route=\/wp\/v2\/media\/214941"}],"wp:attachment":[{"href":"https:\/\/www.elsinodaldetamaulipas.com.mx\/index.php?rest_route=%2Fwp%2Fv2%2Fmedia&parent=227622"}],"wp:term":[{"taxonomy":"category","embeddable":true,"href":"https:\/\/www.elsinodaldetamaulipas.com.mx\/index.php?rest_route=%2Fwp%2Fv2%2Fcategories&post=227622"},{"taxonomy":"post_tag","embeddable":true,"href":"https:\/\/www.elsinodaldetamaulipas.com.mx\/index.php?rest_route=%2Fwp%2Fv2%2Ftags&post=227622"}],"curies":[{"name":"wp","href":"https:\/\/api.w.org\/{rel}","templated":true}]}}