{"id":227632,"date":"2026-09-04T21:46:57","date_gmt":"2026-09-05T01:46:57","guid":{"rendered":"https:\/\/www.elsinodaldetamaulipas.com.mx\/?p=227632"},"modified":"2026-09-04T21:47:34","modified_gmt":"2026-09-05T01:47:34","slug":"227632","status":"publish","type":"post","link":"https:\/\/www.elsinodaldetamaulipas.com.mx\/?p=227632","title":{"rendered":"EL MU\u00d1ECO DEL SUR"},"content":{"rendered":"<p>POR OSCAR DIAZ SALAZAR<\/p>\n<p>El Mu\u00f1eco del sur es un personaje que de a poco, pian pianito, se est\u00e1 dando a conocer, utilizando para este prop\u00f3sito las redes sociales en las que publica videos que de tan profesionales, parecen ser amateurs, espont\u00e1neos y con poca producci\u00f3n.<\/p>\n<p>Interactuando con gente com\u00fan (todos los somos), con ciudadanos de a pie, con la raza de bronce de los sectores populares de Tampico, el Mu\u00f1eco se est\u00e1 volviendo un personaje cercano, interesante y muy simp\u00e1tico, en parte por su personalidad, y en parte por mostrarnos lugares, situaciones y aspectos de la vida diaria en Tampico, Tamaulipas.<\/p>\n<p>El mu\u00f1eco hace tan bien su papel en estos videos, que sorprende saber que detr\u00e1s de este individuo desenfadado y joven de esp\u00edritu, aunque ya cuarent\u00f3n, hay un profesionista que es Master en seguridad nacional, egresado de una instituci\u00f3n educativa de las fuerzas armadas, que viene de ser subsecretario de seguridad p\u00fablica en el gobierno del Estado de Puebla.<\/p>\n<p>Al igual que sus padres, la vIda del Mu\u00f1eco ha transcurrido entre Tampico y Puebla. En la casa familiar abrev\u00f3 en la pol\u00edtica y en la actuaci\u00f3n, profesiones casi hermanas, seg\u00fan lo declar\u00f3 Porfirio Mu\u00f1oz Ledo. El Mu\u00f1eco es sobrino del subcomandante Marcos, un pol\u00edtico que llev\u00f3 a niveles de perfecci\u00f3n el arte de la actuaci\u00f3n. El padre dedicado a la pol\u00edtica.<\/p>\n<p>Al Mu\u00f1eco tambi\u00e9n podr\u00edamos apodarle el palomito, en alusi\u00f3n directa al apodo de su se\u00f1ora madre, la diputada local Mercedes Del Carmen Guillen Vicente, mejor conocida en el mundo de la far\u00e1ndula pol\u00edtica como Paloma.<\/p>\n<p>Se sabe que el junior de la ex presidenta del PRI, ex secretaria general de gobierno y ex procuradora del Estado, no busca monetizar sus videos, ni convertirse en influencer, ni vivir del espect\u00e1culo. Su b\u00fasqueda de likes, audiencia y simpat\u00eda, est\u00e1 dirigida a construir una candidatura a un cargo de elecci\u00f3n popular, una diputaci\u00f3n pa empezar.<\/p>\n<p>El guasumara en la familia M\u00e9ndez Guillen, es que el Mu\u00f1eco no quiere participar en pol\u00edtica con las siglas que en un tiempo represent\u00f3 su madre, y su tirada es hacerlo con el partido y coalici\u00f3n gobernante.<\/p>\n<p>No he podido confirmar la versi\u00f3n de que el Mu\u00f1eco es cercano al s\u00faper polic\u00eda de la Cuatrote, y que su incursi\u00f3n (del Mu\u00f1eco) en la pol\u00edtica tamaulipeca, es una especie de avanzada del Jarfuchismo en el Estado. De ser cierto esto, se auguran cosas grandes para el personaje que hoy organiza loter\u00edas, visitas plazas y mercados y come tortas de la barda en cuanto establecimiento cuenta con esta delicia en su men\u00fa.<\/p>\n<p>No pierda de vista a Jorge Mendez Guillen, alias el Mu\u00f1eco del sur.<\/p>\n","protected":false},"excerpt":{"rendered":"<p>POR OSCAR DIAZ SALAZAR El Mu\u00f1eco del sur es un personaje que de a poco, pian pianito, se est\u00e1 dando a conocer, utilizando para este prop\u00f3sito las redes sociales en las que publica videos que de tan profesionales, parecen ser amateurs, espont\u00e1neos y con poca producci\u00f3n. Interactuando con gente com\u00fan (todos los somos), con ciudadanos [&hellip;]<\/p>\n","protected":false},"author":1,"featured_media":227633,"comment_status":"closed","ping_status":"closed","sticky":false,"template":"","format":"standard","meta":{"footnotes":""},"categories":[16],"tags":[],"class_list":["post-227632","post","type-post","status-publish","format-standard","has-post-thumbnail","hentry","category-opinion"],"_links":{"self":[{"href":"https:\/\/www.elsinodaldetamaulipas.com.mx\/index.php?rest_route=\/wp\/v2\/posts\/227632","targetHints":{"allow":["GET"]}}],"collection":[{"href":"https:\/\/www.elsinodaldetamaulipas.com.mx\/index.php?rest_route=\/wp\/v2\/posts"}],"about":[{"href":"https:\/\/www.elsinodaldetamaulipas.com.mx\/index.php?rest_route=\/wp\/v2\/types\/post"}],"author":[{"embeddable":true,"href":"https:\/\/www.elsinodaldetamaulipas.com.mx\/index.php?rest_route=\/wp\/v2\/users\/1"}],"replies":[{"embeddable":true,"href":"https:\/\/www.elsinodaldetamaulipas.com.mx\/index.php?rest_route=%2Fwp%2Fv2%2Fcomments&post=227632"}],"version-history":[{"count":2,"href":"https:\/\/www.elsinodaldetamaulipas.com.mx\/index.php?rest_route=\/wp\/v2\/posts\/227632\/revisions"}],"predecessor-version":[{"id":227635,"href":"https:\/\/www.elsinodaldetamaulipas.com.mx\/index.php?rest_route=\/wp\/v2\/posts\/227632\/revisions\/227635"}],"wp:featuredmedia":[{"embeddable":true,"href":"https:\/\/www.elsinodaldetamaulipas.com.mx\/index.php?rest_route=\/wp\/v2\/media\/227633"}],"wp:attachment":[{"href":"https:\/\/www.elsinodaldetamaulipas.com.mx\/index.php?rest_route=%2Fwp%2Fv2%2Fmedia&parent=227632"}],"wp:term":[{"taxonomy":"category","embeddable":true,"href":"https:\/\/www.elsinodaldetamaulipas.com.mx\/index.php?rest_route=%2Fwp%2Fv2%2Fcategories&post=227632"},{"taxonomy":"post_tag","embeddable":true,"href":"https:\/\/www.elsinodaldetamaulipas.com.mx\/index.php?rest_route=%2Fwp%2Fv2%2Ftags&post=227632"}],"curies":[{"name":"wp","href":"https:\/\/api.w.org\/{rel}","templated":true}]}}