{"id":227638,"date":"2026-09-04T21:52:59","date_gmt":"2026-09-05T01:52:59","guid":{"rendered":"https:\/\/www.elsinodaldetamaulipas.com.mx\/?p=227638"},"modified":"2026-09-04T21:52:59","modified_gmt":"2026-09-05T01:52:59","slug":"maderenses-tienen-un-dipiutado-miserable","status":"publish","type":"post","link":"https:\/\/www.elsinodaldetamaulipas.com.mx\/?p=227638","title":{"rendered":"MADERENSES TIENEN UN DIPIUTADO MISERABLE"},"content":{"rendered":"<p class=\"wp-block-paragraph\"><em><strong>-Enfr\u00edan a los Morenos.<\/strong><\/em><br \/>\n<em><strong>-Podr\u00edan prohibir novatadas.<\/strong><\/em><br \/>\n<em><strong>-La Presidenta otra vez en Tamaulipas.<\/strong><\/em><br \/>\n<em><strong>-Cd. Madero entre fiestas y abandono.<\/strong><\/em><br \/>\n<em><strong>-Pobres maderenses, ahora tienen a un diputado miserable.<\/strong><\/em><br \/>\nClaudio De Leija Hinojosa ha sido duramente criticado y con raz\u00f3n, por el<br \/>\ndesafortunado papel que hizo en d\u00edas pasados al visitar la escuela primaria<br \/>\n\u201cFrancisco I. Madero\u201d en la colonia Heriberto Kehoe en Cd Madero<br \/>\nEl Legislador que tiene un sueldo superior a los 60 mil pesos mensuales<br \/>\ncuando menos, promocion\u00f3 en sus redes sociales el \u201ccostos\u00edsimo apoyo\u201d de<br \/>\ndos l\u00e1pices de madera para algunos alumnos de ese plantel escolar.<br \/>\nEl hecho ha sido calificado como un insulto, m\u00e1s que un apoyo a los ni\u00f1os.<br \/>\nHubiera sido de mayor valor que atendiera alguna necesidad imperante de la<br \/>\nescuela, que seguro la tiene, en lugar de regalar l\u00e1pices cuyo valor unitario no<br \/>\ndebe ser superior a los diez pesos, suponiendo que sean de la mejor marca.<br \/>\nPero tambi\u00e9n debemos de poner mucha atenci\u00f3n a la grave falta que puede<br \/>\nconvertirse en delito, que cometi\u00f3 el diputado Claudio de Leija, al exponer los<br \/>\nrostros de los menores de edad en las im\u00e1genes que difundi\u00f3 en las redes<br \/>\nsociales.<br \/>\nEl art\u00edculo 80 de la Ley General de los Derechos de Ni\u00f1as, Ni\u00f1os y<br \/>\nAdolescentes, se\u00f1ala sanciones administrativas, civiles, penales y hasta c\u00e1rcel<br \/>\npara quien difunda im\u00e1genes de menores de edad sin el consentimiento de sus<br \/>\npadres.<br \/>\nNo creo estar muy alejado de la realidad cuando escribo que el diputado<br \/>\nClaudio De Leija es un miserable.<\/p>\n<p class=\"wp-block-paragraph\">Real Academia Espa\u00f1ola<br \/>\n<a href=\"https:\/\/dle.rae.es\/\">https:\/\/dle.rae.es<\/a>\u00a0\u203a miserable<br \/>\nRAE \u2013 ASALE \u2013 miserable | Diccionario de la lengua espa\u00f1ola<br \/>\nMiserable es un adjetivo que puede significar ruin, canalla, taca\u00f1o, pobre,<br \/>\ninsignificante o desdichado.<br \/>\nY con esas acciones quiere ser el pr\u00f3ximo alcalde de ciudad Madero.<\/p>\n<p class=\"wp-block-paragraph\">-A mitad de semana un gran balde de agua helada cay\u00f3 sobre las espaldas de<br \/>\ndecenas morenistas aspirantes a las presidencias municipales y diputaciones<br \/>\nfederales en Tamaulipas.<br \/>\nR\u00f3mulo P\u00e9rez S\u00e1nches en su car\u00e1cter de Presidente del Consejo Estatal de<br \/>\nMORENA dijo que el CEN de su partido hab\u00eda ordenado postergar la<br \/>\npublicaci\u00f3n de la convocatoria para el proceso electoral del 2027.<br \/>\nLas ansias de los aspirantes son porque hace dos meses los dirigentes de<br \/>\nMORENA juraban y perjuraban que la convocatoria se emitir\u00eda los \u00faltimos<br \/>\nd\u00edas de agosto y no fue cierto.<br \/>\nAlgunos ya hasta hab\u00edan calendarizado sus permisos y\/o renuncias a sus<br \/>\nactuales trabajos, para ir en pos de las precandidaturas.<br \/>\nLos \u201cespeculeros\u201d de la pol\u00edtica, coinciden en se\u00f1alar que el \u201cdedo\u201d mayor de<br \/>\nla democracia del partido guinda, a\u00fan no ve con certeza qu\u00e9 figuras pol\u00edticas<br \/>\nle aseguren los triunfos.<br \/>\nEn pocas palabras a\u00fan no hay definiciones claras.<br \/>\nY esa no es una buena se\u00f1al pol\u00edticamente hablando.<br \/>\nY este comp\u00e1s de espera alimentan m\u00e1s los sue\u00f1os de los \u201csuspirantes\u201d y les<br \/>\nda a la vez la oportunidad de seguir haciendo m\u00e9ritos, sumar puntos, para<br \/>\nalcanzar su objetivo.<br \/>\nLo que es innegable es que la marca MORENA sigue muy bien posicionada<br \/>\nen el \u00e1nimo del electorado, tanto que a veces, lo que menos importa es el<br \/>\nnombre de los candidatos.<\/p>\n<p class=\"wp-block-paragraph\">Muchos han ganado en las urnas gracias al \u201csello\u201d de la casa.<\/p>\n<p class=\"wp-block-paragraph\">-El Rector D\u00e1maso Anaya est\u00e1 muy preocupado por lo que le sucedi\u00f3 a un<br \/>\nalumno de nuevo ingreso a la Facultad de Veterinaria y de inmediato dio<br \/>\ninstrucciones muy precias a la Defensor\u00eda de los Derechos de los<br \/>\nUniversitarios para que abra una carpeta de investigaci\u00f3n.<br \/>\nHechos ocurridos recientemente al interior de esa instituci\u00f3n, en los que<br \/>\npresuntamente se habr\u00eda visto afectado un estudiante for\u00e1neo de primer<br \/>\nsemestre, y que pudieran ser contrarios a los principios de sana convivencia<br \/>\nuniversitaria.<br \/>\nLa investigaci\u00f3n deber\u00e1 de revelar los nombres de los estudiantes participantes<br \/>\nen esa pr\u00e1ctica estudiantil llamada \u201cnovatada\u201d, que aclaramos no es exclusiva<br \/>\nde la UAT, ni de Tamaulipas ni de M\u00e9xico, se practica incluso en otros pa\u00edses.<br \/>\nClaro que tambi\u00e9n arrojar\u00e1 nombres de maestro y personal administrativo que<br \/>\ntuvieron participaci\u00f3n directa o indirecta en este lamentable acontecimiento.<br \/>\nHace dos o tres a\u00f1os se present\u00f3 otra situaci\u00f3n similar en la misma Facultad.<br \/>\nSeguramente el Rector habr\u00e1 de proponer a la Asamblea Universitaria la<br \/>\nprohibici\u00f3n de esta pr\u00e1ctica y que se publique en el Reglamento Universitario.<br \/>\nLas \u201cnovatadas\u201d han perdido su esencia y han pasado a ser de una acci\u00f3n de<br \/>\nbienvenida, a actos violentos y a veces constitutivos de delitos.<br \/>\nPor mientras, hizo bien la m\u00e1xima autoridad universitaria en ordenar la<br \/>\ninvestigaci\u00f3n y si existen responsables que se les sancione.<\/p>\n<p class=\"wp-block-paragraph\">-La Presidenta Claudia Sheinbaum Pardo estar\u00e1 una vez m\u00e1s en Tamaulipas.<br \/>\nEn esta ocasi\u00f3n para compartir con los tamaulipecos las acciones de su<br \/>\ngobierno en nuestro territorio y que van desde los temas de salud,<br \/>\ninfraestructura carretera, hidr\u00e1ulica, vivienda, inversi\u00f3n extranjera, comercio<br \/>\ninternacional, hasta educaci\u00f3n.<\/p>\n<p class=\"wp-block-paragraph\">La visita est\u00e1 programada para el jueves 10 de este mes y es casi un hecho que<br \/>\nse lleve a cabo en el Poliforum de ciudad Victoria.<br \/>\nEsta ser\u00e1 la segunda ocasi\u00f3n, en menos de un mes, que la mandataria venga a<br \/>\nnuestro estado.<br \/>\nY la verdad es que mucha gente coincide en que la Presidenta Claudia<br \/>\nSheibaum sostiene una buena relaci\u00f3n con el Gobernador Am\u00e9rico Villarreal,<br \/>\nlas obras que se han inaugurado, las que se han iniciado y sus constantes<br \/>\nvisitas a Tamaulipas, as\u00ed lo demuestran.<\/p>\n<p class=\"wp-block-paragraph\">-Ciudad Madero esta entre festivales y el abandono de sus colonias.<br \/>\nLa administraci\u00f3n municipal que dirige Erasmo Gonzales Robledo, este a\u00f1o se<br \/>\nhabr\u00e1 gastado poco m\u00e1s de diez millones de pesos en la organizaci\u00f3n del<br \/>\nCarnaval y el \u201cMarciano Fest\u201d.<br \/>\nEse gasto adem\u00e1s es por adjudicaci\u00f3n directa, es decir no se somete a<br \/>\nconcurso.<br \/>\nLos gastos visibles para el Carnaval de este a\u00f1o son:<br \/>\nCarros aleg\u00f3ricos $686,560.00<br \/>\nPirotecnia $155,000.00<br \/>\nMusicalizaci\u00f3n $120,000.00<br \/>\nRenta de gradas y sillas $629, 074.00<br \/>\nTalento art\u00edstico (Modaclean) $1,590,000.00<br \/>\nTalento art\u00edstico (Oscar Trejo) $692,984.00<br \/>\nVestuario $123,000.00<br \/>\nArt\u00edculos impresos $92,500.00<br \/>\nGran Total con IVA: $4,743,376.88 (Cuatro millones setecientos cuarenta<br \/>\ny tres mil trescientos setenta y seis pesos con ochenta y ocho centavos).<\/p>\n<p class=\"wp-block-paragraph\">Mientras muchas familias y de muy diversos sectores de ciudad Madero<br \/>\nbatallan a diario con el servicio de agua potable, con la recolecci\u00f3n de la<br \/>\nbasura, el sistema de drenaje, alumbrado p\u00fablico, calles deterioradas<br \/>\ninundaciones y encharcamientos a falta de un sistema de drenaje pluvial.<br \/>\nPor lo anterior no es casualidad que el a\u00f1o que viene haya alternancia pol\u00edtica<br \/>\nen la urbe petrolera.<br \/>\nLos maderenses ya no quieren m\u00e1s abandono e indiferencia de las autoridades.<br \/>\nRequieren atenci\u00f3n, soluci\u00f3n a sus demandas\u2026quieren funcionarios p\u00fablicos<br \/>\nresponsables y capaces.<br \/>\nHasta aqu\u00ed mi An\u00e1lisis y Comentario.<br \/>\nSoy su amigo: Christopher\u2026 Mora.<br \/>\nComentarios y sugerencias a:\u00a0<a href=\"mailto:victam63@yahoo.com.mx\">victam63@yahoo.com.mx<\/a><br \/>\nY tambi\u00e9n lo invito a que visite mi p\u00e1gina de Facebook:<br \/>\n\u201cAn\u00e1lisis y Comentario\u201d.<\/p>\n","protected":false},"excerpt":{"rendered":"<p>-Enfr\u00edan a los Morenos. -Podr\u00edan prohibir novatadas. -La Presidenta otra vez en Tamaulipas. -Cd. Madero entre fiestas y abandono. -Pobres maderenses, ahora tienen a un diputado miserable. Claudio De Leija Hinojosa ha sido duramente criticado y con raz\u00f3n, por el desafortunado papel que hizo en d\u00edas pasados al visitar la escuela primaria \u201cFrancisco I. Madero\u201d [&hellip;]<\/p>\n","protected":false},"author":1,"featured_media":224339,"comment_status":"closed","ping_status":"closed","sticky":false,"template":"","format":"standard","meta":{"footnotes":""},"categories":[16],"tags":[],"class_list":["post-227638","post","type-post","status-publish","format-standard","has-post-thumbnail","hentry","category-opinion"],"_links":{"self":[{"href":"https:\/\/www.elsinodaldetamaulipas.com.mx\/index.php?rest_route=\/wp\/v2\/posts\/227638","targetHints":{"allow":["GET"]}}],"collection":[{"href":"https:\/\/www.elsinodaldetamaulipas.com.mx\/index.php?rest_route=\/wp\/v2\/posts"}],"about":[{"href":"https:\/\/www.elsinodaldetamaulipas.com.mx\/index.php?rest_route=\/wp\/v2\/types\/post"}],"author":[{"embeddable":true,"href":"https:\/\/www.elsinodaldetamaulipas.com.mx\/index.php?rest_route=\/wp\/v2\/users\/1"}],"replies":[{"embeddable":true,"href":"https:\/\/www.elsinodaldetamaulipas.com.mx\/index.php?rest_route=%2Fwp%2Fv2%2Fcomments&post=227638"}],"version-history":[{"count":1,"href":"https:\/\/www.elsinodaldetamaulipas.com.mx\/index.php?rest_route=\/wp\/v2\/posts\/227638\/revisions"}],"predecessor-version":[{"id":227640,"href":"https:\/\/www.elsinodaldetamaulipas.com.mx\/index.php?rest_route=\/wp\/v2\/posts\/227638\/revisions\/227640"}],"wp:featuredmedia":[{"embeddable":true,"href":"https:\/\/www.elsinodaldetamaulipas.com.mx\/index.php?rest_route=\/wp\/v2\/media\/224339"}],"wp:attachment":[{"href":"https:\/\/www.elsinodaldetamaulipas.com.mx\/index.php?rest_route=%2Fwp%2Fv2%2Fmedia&parent=227638"}],"wp:term":[{"taxonomy":"category","embeddable":true,"href":"https:\/\/www.elsinodaldetamaulipas.com.mx\/index.php?rest_route=%2Fwp%2Fv2%2Fcategories&post=227638"},{"taxonomy":"post_tag","embeddable":true,"href":"https:\/\/www.elsinodaldetamaulipas.com.mx\/index.php?rest_route=%2Fwp%2Fv2%2Ftags&post=227638"}],"curies":[{"name":"wp","href":"https:\/\/api.w.org\/{rel}","templated":true}]}}