{"id":3018,"date":"2020-02-28T07:40:25","date_gmt":"2020-02-28T07:40:25","guid":{"rendered":"http:\/\/www.elsinodaldetamaulipas.com.mx\/?p=3018"},"modified":"2020-02-28T07:40:26","modified_gmt":"2020-02-28T07:40:26","slug":"claro-y-directo-guty-para-rato","status":"publish","type":"post","link":"https:\/\/www.elsinodaldetamaulipas.com.mx\/?p=3018","title":{"rendered":"CLARO Y DIRECTO\/ GUTY PARA RATO"},"content":{"rendered":"\n<p>NOS LLAM\u00d3 LA ATENCI\u00d3N QUE EN D\u00cdAS PASADOS, PARA SER PRECISO EL DIA 18 DEL MES EN CURSO, FUE INTERNADO EN EL HOSPITAL DE BENEFICENCIA ESPA\u00d1OLA EN TAMPICO, EL DIRECTOR DE CONALEP EN EL ESTADO, EL LIC. AGUST\u00cdN DE LA HUERTA,\u00a0 MEJOR CONOCIDO POR TODOS, POR EL \u201cGUTY\u201d , que amigablemente le dicen sus amigos y quien conoce a de la huerta, pues d\u00e9jeme contarle, que en efecto fue internado en este nosocomio con un cuadro de neumon\u00eda debido a un mal cuidado resfriado, pero para quien no sabe , \u00e9l fue sujeto de un trasplante hace tiempo, y es, por tal raz\u00f3n, de que su cuerpo es muy susceptible, \u00a0ya que fue inmunosuprimido para que su trasplante fuera favorable.<\/p>\n\n\n\n<p>EL D\u00cdA 20, DOS D\u00cdAS DESPU\u00c9S, UNA PERSONA\nFILTRO UNA INFORMACI\u00d3N, DE QUE FUE INTERNADO DEBIDO A UN INFARTO, lo cual causo\nuna serie de especulaciones en todo el sur de Tamaulipas, y se volvi\u00f3 en las\nredes sociales esta noticia viral y muy comentada.<\/p>\n\n\n\n<p>EL HACER USO DE UNA INFORMACI\u00d3N SIN\nSUSTENTO, Y M\u00c1S DE ESTE TIPO, ES DELICADO, PERO COMO DICE EL REFR\u00c1N, LO QUE NO\nTE HACE DA\u00d1O, TE FORTALECE, Y ESO FUE LO QUE EN REALIDAD PASO, YA QUE SE\nVOLCARON LAS REDES ENTORNO ESTA NOTICIA, con llamadas y mensajes de aliento y\nde \u00e1nimo para con el GUTY, es por eso que se vio en la necesidad de filmar un video\na la salida del hospital, para aclarar y decirle a sus amigos lo que en\nrealidad hab\u00eda pasado.<\/p>\n\n\n\n<p>QUIEN CONOCE A DE LA HUERTA SABE QUE ES UNA\nPERSONA QUE HACE AMIGOS, QUE SU DON NATURAL PARA ELLO LO DISTINGUE, que en su\ndesempe\u00f1o por diferentes puestos p\u00fablicos lo hace recordable por su calidad de\nser humano que le imprime a su trabajo y a su vivir diario.<\/p>\n\n\n\n<p>ESTE REVUELO QUE CAUSO ESTA INFORMACI\u00d3N\nSOLO VIENE A DARLE VERACIDAD AL TRABAJO QUE HICIMOS EL A\u00d1O PASADO EN LA CIUDAD\nDE MADERO, DONDE REALIZAMOS UNA ENCUESTA SOBRE AGUST\u00cdN DE LA HUERTA, y nuestra\ninvestigaci\u00f3n&nbsp; la realizamos de una\nmanera general, por ejemplo, los&nbsp;\nentrevistados dijeron conocer al GUTY como le dicen, &nbsp;y expresaron adem\u00e1s, que les agradar\u00eda que\nparticipara en la vida pol\u00edtica de madero, que ya es tiempo que alguien como \u00e9l\nse ocupe de madero, palabras textuales de muchos MADERENSES.<\/p>\n\n\n\n<p>EL VIDEO QUE CIRCULO EN LAS REDES, ALCANZO\nM\u00c1S DE 5,300 VISTAS, QUE QUIERE DECIR ESTO, QUE LA ENCUESTA QUE REALIZAMOS NO\nLA HICIMOS MAL, Y QUE AGUSTIN DE LA HUERTA TIENE ACEPTACI\u00d3N ENTRE LOS\nMADERENSES.<\/p>\n\n\n\n<p>PARA SER MAS ESPEC\u00cdFICOS: TIENE PUEBLO.<\/p>\n\n\n\n<p>infotam.info<a href=\"mailto:edie0327@hotmail.com\">edie0327@hotmail.com<\/a><\/p>\n","protected":false},"excerpt":{"rendered":"<p>NOS LLAM\u00d3 LA ATENCI\u00d3N QUE EN D\u00cdAS PASADOS, PARA SER PRECISO EL DIA 18 DEL MES EN CURSO, FUE INTERNADO EN EL HOSPITAL DE BENEFICENCIA ESPA\u00d1OLA EN TAMPICO, EL DIRECTOR DE CONALEP EN EL ESTADO, EL LIC. AGUST\u00cdN DE LA HUERTA,\u00a0 MEJOR CONOCIDO POR TODOS, POR EL \u201cGUTY\u201d , que amigablemente le dicen sus amigos [&hellip;]<\/p>\n","protected":false},"author":1,"featured_media":0,"comment_status":"open","ping_status":"open","sticky":false,"template":"","format":"standard","meta":{"footnotes":""},"categories":[16],"tags":[],"class_list":["post-3018","post","type-post","status-publish","format-standard","hentry","category-opinion"],"_links":{"self":[{"href":"https:\/\/www.elsinodaldetamaulipas.com.mx\/index.php?rest_route=\/wp\/v2\/posts\/3018","targetHints":{"allow":["GET"]}}],"collection":[{"href":"https:\/\/www.elsinodaldetamaulipas.com.mx\/index.php?rest_route=\/wp\/v2\/posts"}],"about":[{"href":"https:\/\/www.elsinodaldetamaulipas.com.mx\/index.php?rest_route=\/wp\/v2\/types\/post"}],"author":[{"embeddable":true,"href":"https:\/\/www.elsinodaldetamaulipas.com.mx\/index.php?rest_route=\/wp\/v2\/users\/1"}],"replies":[{"embeddable":true,"href":"https:\/\/www.elsinodaldetamaulipas.com.mx\/index.php?rest_route=%2Fwp%2Fv2%2Fcomments&post=3018"}],"version-history":[{"count":1,"href":"https:\/\/www.elsinodaldetamaulipas.com.mx\/index.php?rest_route=\/wp\/v2\/posts\/3018\/revisions"}],"predecessor-version":[{"id":3019,"href":"https:\/\/www.elsinodaldetamaulipas.com.mx\/index.php?rest_route=\/wp\/v2\/posts\/3018\/revisions\/3019"}],"wp:attachment":[{"href":"https:\/\/www.elsinodaldetamaulipas.com.mx\/index.php?rest_route=%2Fwp%2Fv2%2Fmedia&parent=3018"}],"wp:term":[{"taxonomy":"category","embeddable":true,"href":"https:\/\/www.elsinodaldetamaulipas.com.mx\/index.php?rest_route=%2Fwp%2Fv2%2Fcategories&post=3018"},{"taxonomy":"post_tag","embeddable":true,"href":"https:\/\/www.elsinodaldetamaulipas.com.mx\/index.php?rest_route=%2Fwp%2Fv2%2Ftags&post=3018"}],"curies":[{"name":"wp","href":"https:\/\/api.w.org\/{rel}","templated":true}]}}