{"id":30562,"date":"2020-09-24T03:36:43","date_gmt":"2020-09-24T03:36:43","guid":{"rendered":"http:\/\/www.elsinodaldetamaulipas.com.mx\/?p=30562"},"modified":"2020-09-24T03:36:45","modified_gmt":"2020-09-24T03:36:45","slug":"propone-alianza-federalista-mecanismo-para-revertir-recortes-a-los-estado-en-el-pef2021","status":"publish","type":"post","link":"https:\/\/www.elsinodaldetamaulipas.com.mx\/?p=30562","title":{"rendered":"PROPONE ALIANZA FEDERALISTA MECANISMO PARA REVERTIR RECORTES A LOS ESTADO EN EL PEF2021"},"content":{"rendered":"\n<ul class=\"wp-block-list\"><li><strong><em>Diez mandatarios de las entidades m\u00e1s productivas del pa\u00eds han propuesto crear un fondo de estabilizaci\u00f3n para compensar la ca\u00edda, que concentre recursos federales no ejercidos para evitar una disminuci\u00f3n en el gasto federalizado a estados y municipios.<\/em><\/strong><\/li><\/ul>\n\n\n\n<p><strong>Por Juan Carlos Rodr\u00edguez Terrazas\/23-Septiembre-2020<\/strong><\/p>\n\n\n\n<div class=\"wp-block-image\"><figure class=\"alignright size-large\"><img loading=\"lazy\" decoding=\"async\" width=\"640\" height=\"427\" src=\"https:\/\/www.elsinodaldetamaulipas.com.mx\/wp-content\/uploads\/2020\/09\/Gober-I-7.jpg\" alt=\"\" class=\"wp-image-30563\" srcset=\"https:\/\/www.elsinodaldetamaulipas.com.mx\/wp-content\/uploads\/2020\/09\/Gober-I-7.jpg 640w, https:\/\/www.elsinodaldetamaulipas.com.mx\/wp-content\/uploads\/2020\/09\/Gober-I-7-300x200.jpg 300w\" sizes=\"auto, (max-width: 640px) 100vw, 640px\" \/><\/figure><\/div>\n\n\n\n<p><strong>Ciudad de M\u00e9xico.-<\/strong> Los 10 Gobernadores que integran la Alianza Federalista propusieron, desde la capital del pa\u00eds, dise\u00f1ar un mecanismo junto a la Secretar\u00eda de Hacienda y Cr\u00e9dito P\u00fablico para revertir la disminuci\u00f3n de 5.5 por ciento en el gasto federalizado destinado a los estados y municipios, previsto en el proyecto de Paquete Econ\u00f3mico 2021.<\/p>\n\n\n\n<p>El Gobernador, Francisco Garc\u00eda Cabeza de Vaca, se\u00f1al\u00f3 que la Alianza est\u00e1 conformada por 10 de las entidades m\u00e1s productivas del pa\u00eds y que generan la mayor cantidad de impuestos con los que el Gobierno Federal integra el presupuesto, que a su vez, redistribuye a estados y municipios.<\/p>\n\n\n\n<p>\u00abA veces se nos olvida que es lo que est\u00e1 en debate en la C\u00e1mara de Diputados, hablamos de pesos y centavos. Estos estados estamos generando la riqueza del pa\u00eds, los empleos pero sobre todo los impuestos con los que el Gobierno Federal est\u00e1 llevando a cabo sus obras y sus programas sociales\u00bb, dijo.<\/p>\n\n\n\n<p>Advirti\u00f3 que de no ser tomada en cuenta la postura de la Alianza Federalista, los estados integrantes tomar\u00e1n medidas legales.<\/p>\n\n\n\n<p>\u00abHemos sido solidarios y respetuosos. Necesitamos acuerdos que permitan que nuestras entidades puedan salir adelante pero a su vez no limitarlas para seguir siendo competitivas, que sigan generando riqueza, crecimiento, empleos e impuestos. De lo contrario tendremos que actuar legalmente, a eso nos est\u00e1n orillando\u00bb, sentenci\u00f3.<\/p>\n\n\n\n<p>El mecanismo expuesto por los gobernadores aliancistas consiste en crear un fondo de estabilizaci\u00f3n para compensar la ca\u00edda, que concentre recursos federales no ejercidos, como parte de los remanentes del Banco de M\u00e9xico y recursos provenientes de la extinci\u00f3n de fideicomisos.<\/p>\n\n\n\n<p>Crear un fondo especial para proyectos estrat\u00e9gicos de infraestructura local; clarificar los criterios de distribuci\u00f3n territorial de los fondos de SCT, INSABI, y FOTRADIS, garantizando que cuando menos no haya una disminuci\u00f3n en t\u00e9rminos reales en comparaci\u00f3n con las asignaciones del a\u00f1o pasado.<\/p>\n\n\n\n<p>As\u00ed como establecer asignaciones para FORTASEG, FONMETRO, Escuelas de Tiempo Completo, entre otros programas.<\/p>\n\n\n\n<p>Los Gobernadores de la Alianza Federalista coincidieron en afirmar que con estas propuestas, esperan que la inversi\u00f3n p\u00fablica contribuya a reactivar la econom\u00eda de los estados y el pa\u00eds, adem\u00e1s de fortalecer el Federalismo.<\/p>\n\n\n\n<p>Durante la reuni\u00f3n de trabajo, los Gobernadores de Tamaulipas, Nuevo Le\u00f3n, Coahuila, Michoac\u00e1n, Durango, Colima, Jalisco, Guanajuato y Aguascalientes, expresaron su respaldo al Gobernador de Chihuahua, Javier Corral Jurado, debido al conflicto social relacionado con el agua y a la salida de la Guardia Nacional del Grupo de Coordinaci\u00f3n de Seguridad en aquella entidad.<\/p>\n\n\n\n<p>Aseguraron que no permitir\u00e1n que se politice la Seguridad P\u00fablica en Chihuahua y en ninguna entidad del pa\u00eds por parte de las autoridades federales.<\/p>\n","protected":false},"excerpt":{"rendered":"<p>Diez mandatarios de las entidades m\u00e1s productivas del pa\u00eds han propuesto crear un fondo de estabilizaci\u00f3n para compensar la ca\u00edda, que concentre recursos federales no ejercidos para evitar una disminuci\u00f3n en el gasto federalizado a estados y municipios. Por Juan Carlos Rodr\u00edguez Terrazas\/23-Septiembre-2020 Ciudad de M\u00e9xico.- Los 10 Gobernadores que integran la Alianza Federalista propusieron, [&hellip;]<\/p>\n","protected":false},"author":1,"featured_media":30564,"comment_status":"closed","ping_status":"closed","sticky":false,"template":"","format":"standard","meta":{"footnotes":""},"categories":[1],"tags":[],"class_list":["post-30562","post","type-post","status-publish","format-standard","has-post-thumbnail","hentry","category-portada"],"_links":{"self":[{"href":"https:\/\/www.elsinodaldetamaulipas.com.mx\/index.php?rest_route=\/wp\/v2\/posts\/30562","targetHints":{"allow":["GET"]}}],"collection":[{"href":"https:\/\/www.elsinodaldetamaulipas.com.mx\/index.php?rest_route=\/wp\/v2\/posts"}],"about":[{"href":"https:\/\/www.elsinodaldetamaulipas.com.mx\/index.php?rest_route=\/wp\/v2\/types\/post"}],"author":[{"embeddable":true,"href":"https:\/\/www.elsinodaldetamaulipas.com.mx\/index.php?rest_route=\/wp\/v2\/users\/1"}],"replies":[{"embeddable":true,"href":"https:\/\/www.elsinodaldetamaulipas.com.mx\/index.php?rest_route=%2Fwp%2Fv2%2Fcomments&post=30562"}],"version-history":[{"count":1,"href":"https:\/\/www.elsinodaldetamaulipas.com.mx\/index.php?rest_route=\/wp\/v2\/posts\/30562\/revisions"}],"predecessor-version":[{"id":30565,"href":"https:\/\/www.elsinodaldetamaulipas.com.mx\/index.php?rest_route=\/wp\/v2\/posts\/30562\/revisions\/30565"}],"wp:featuredmedia":[{"embeddable":true,"href":"https:\/\/www.elsinodaldetamaulipas.com.mx\/index.php?rest_route=\/wp\/v2\/media\/30564"}],"wp:attachment":[{"href":"https:\/\/www.elsinodaldetamaulipas.com.mx\/index.php?rest_route=%2Fwp%2Fv2%2Fmedia&parent=30562"}],"wp:term":[{"taxonomy":"category","embeddable":true,"href":"https:\/\/www.elsinodaldetamaulipas.com.mx\/index.php?rest_route=%2Fwp%2Fv2%2Fcategories&post=30562"},{"taxonomy":"post_tag","embeddable":true,"href":"https:\/\/www.elsinodaldetamaulipas.com.mx\/index.php?rest_route=%2Fwp%2Fv2%2Ftags&post=30562"}],"curies":[{"name":"wp","href":"https:\/\/api.w.org\/{rel}","templated":true}]}}