{"id":47096,"date":"2021-02-01T17:58:54","date_gmt":"2021-02-01T17:58:54","guid":{"rendered":"http:\/\/www.elsinodaldetamaulipas.com.mx\/?p=47096"},"modified":"2021-02-01T17:58:58","modified_gmt":"2021-02-01T17:58:58","slug":"seminario-web-para-nuevos-examenes-del-veneval","status":"publish","type":"post","link":"https:\/\/www.elsinodaldetamaulipas.com.mx\/?p=47096","title":{"rendered":"SEMINARIO WEB PARA NUEVOS EX\u00c1MENES DEL VENEVAL"},"content":{"rendered":"\n<p><strong>EL SINODAL DE TAMAULIPAS<\/strong><\/p>\n\n\n\n<p><em><strong>Ciudad Victoria, Tam.-<\/strong><\/em>&nbsp;Acomp\u00e1\u00f1anos en los Seminarios web que se han programado para presentar la nueva generaci\u00f3n de ex\u00e1menes del Centro Nacional de Evaluaci\u00f3n para la Educaci\u00f3n Superior, A.C. (CENEVAL), a sana distancia y sin costo de inscripci\u00f3n.<\/p>\n\n\n\n<p>Con\u00f3celos en: https:\/\/www.tamaulipas.gob.mx\/educacion\/convocatoria\/seminarioweb-examenesdelceneval\/<\/p>\n\n\n\n<p>Te invitamos al primer seminario: DOMINA-BACH (diagn\u00f3stico de la educaci\u00f3n media superior) que se efectuar\u00e1 el 3 de febrero a las 10:00 a.m.&nbsp;<\/p>\n\n\n\n<p>Registro en:&nbsp;<br>https:\/\/attendee.gotowebinar.com\/register\/8366693462138140172&nbsp;<\/p>\n","protected":false},"excerpt":{"rendered":"<p>EL SINODAL DE TAMAULIPAS Ciudad Victoria, Tam.-&nbsp;Acomp\u00e1\u00f1anos en los Seminarios web que se han programado para presentar la nueva generaci\u00f3n de ex\u00e1menes del Centro Nacional de Evaluaci\u00f3n para la Educaci\u00f3n Superior, A.C. (CENEVAL), a sana distancia y sin costo de inscripci\u00f3n. Con\u00f3celos en: https:\/\/www.tamaulipas.gob.mx\/educacion\/convocatoria\/seminarioweb-examenesdelceneval\/ Te invitamos al primer seminario: DOMINA-BACH (diagn\u00f3stico de la educaci\u00f3n media [&hellip;]<\/p>\n","protected":false},"author":1,"featured_media":47097,"comment_status":"closed","ping_status":"closed","sticky":false,"template":"","format":"standard","meta":{"footnotes":""},"categories":[13,3],"tags":[],"class_list":["post-47096","post","type-post","status-publish","format-standard","has-post-thumbnail","hentry","category-gobierno","category-tamaulipas"],"_links":{"self":[{"href":"https:\/\/www.elsinodaldetamaulipas.com.mx\/index.php?rest_route=\/wp\/v2\/posts\/47096","targetHints":{"allow":["GET"]}}],"collection":[{"href":"https:\/\/www.elsinodaldetamaulipas.com.mx\/index.php?rest_route=\/wp\/v2\/posts"}],"about":[{"href":"https:\/\/www.elsinodaldetamaulipas.com.mx\/index.php?rest_route=\/wp\/v2\/types\/post"}],"author":[{"embeddable":true,"href":"https:\/\/www.elsinodaldetamaulipas.com.mx\/index.php?rest_route=\/wp\/v2\/users\/1"}],"replies":[{"embeddable":true,"href":"https:\/\/www.elsinodaldetamaulipas.com.mx\/index.php?rest_route=%2Fwp%2Fv2%2Fcomments&post=47096"}],"version-history":[{"count":1,"href":"https:\/\/www.elsinodaldetamaulipas.com.mx\/index.php?rest_route=\/wp\/v2\/posts\/47096\/revisions"}],"predecessor-version":[{"id":47098,"href":"https:\/\/www.elsinodaldetamaulipas.com.mx\/index.php?rest_route=\/wp\/v2\/posts\/47096\/revisions\/47098"}],"wp:featuredmedia":[{"embeddable":true,"href":"https:\/\/www.elsinodaldetamaulipas.com.mx\/index.php?rest_route=\/wp\/v2\/media\/47097"}],"wp:attachment":[{"href":"https:\/\/www.elsinodaldetamaulipas.com.mx\/index.php?rest_route=%2Fwp%2Fv2%2Fmedia&parent=47096"}],"wp:term":[{"taxonomy":"category","embeddable":true,"href":"https:\/\/www.elsinodaldetamaulipas.com.mx\/index.php?rest_route=%2Fwp%2Fv2%2Fcategories&post=47096"},{"taxonomy":"post_tag","embeddable":true,"href":"https:\/\/www.elsinodaldetamaulipas.com.mx\/index.php?rest_route=%2Fwp%2Fv2%2Ftags&post=47096"}],"curies":[{"name":"wp","href":"https:\/\/api.w.org\/{rel}","templated":true}]}}