{"id":50428,"date":"2021-03-02T19:39:23","date_gmt":"2021-03-02T19:39:23","guid":{"rendered":"http:\/\/www.elsinodaldetamaulipas.com.mx\/?p=50428"},"modified":"2021-03-02T19:39:28","modified_gmt":"2021-03-02T19:39:28","slug":"dialogando-por-roberto-olvera-perez-139","status":"publish","type":"post","link":"https:\/\/www.elsinodaldetamaulipas.com.mx\/?p=50428","title":{"rendered":"Dialogando\/ Por Roberto Olvera P\u00e9rez"},"content":{"rendered":"\n<p class=\"has-text-align-center\"><strong><em>Que siga avanzando Tamaulipas<\/em><\/strong><\/p>\n\n\n\n<p>No quisi\u00e9ramos pasar por alto la situaci\u00f3n pol\u00edtica que priva en Tamaulipas en estos momentos, pero como tamaulipecos tenemos confianza en que todo habr\u00e1 de aclararse y que luego de la tempestad venga la calma, seguramente el gobernador del Estado, Francisco Garc\u00eda Cabeza de Vaca, habr\u00e1 de sortear esta problem\u00e1tica para concentrarse en seguir impulsando a nuestro Estado, por lo que todo ser\u00e1 aclarado en su momento dijo el mandatario tamaulipeco.<\/p>\n\n\n\n<p>Y ya que hablamos de Tamaulipas, lo cierto es que qued\u00f3 confirmado por la Subsecretaria de Educaci\u00f3n B\u00e1sica de la Secretaria de Educaci\u00f3n de Tamaulipas, Mtra. Magdalena Moreno Ortiz, que el regreso a clases presenciales se dar\u00e1 hasta que todos los municipios de la entidad est\u00e9n en sem\u00e1foro verde. M\u00e1s claro que el agua.<\/p>\n\n\n\n<p>Y siguiendo con el tema educativo, tambi\u00e9n en la Secci\u00f3n 30 del Sindicato Nacional de Trabajadores de la Educaci\u00f3n, crece la impaciencia por el relevo del dirigente Rigoberto Guevara V\u00e1zquez. Son m\u00e1s de una docena de profes que andan s\u00faper acelerados, sin embargo no hay y creemos que no habr\u00e1 l\u00ednea para nadie desde arriba, pues seg\u00fan se dice la votaci\u00f3n para elegir al nuevo l\u00edder magisterial en Tamaulipas, ser\u00e1 libre y secreto, es decir, ya no habr\u00e1 congresos de delegados como antes, por lo que si usted tiene simpat\u00edas por alg\u00fan \u201cpre candidato\u201d, h\u00e1blele o b\u00fasquele, ofr\u00e9zcale su voto y si es al que m\u00e1s confianza le tiene.<\/p>\n\n\n\n<p>Lo que s\u00ed es casi un hecho, es que el matamorense l\u00edder magisterial de la Secci\u00f3n 30 del SNTE, ser\u00e1 diputado por las siglas o colores de MORENA, aunque tambi\u00e9n se asegura que el blanquiazul le estar\u00eda ofreciendo el mismo puesto, s\u00f3lo que por la v\u00eda plurinominal de este instituto pol\u00edtico, es decir, sin gastar un peso en campa\u00f1a, como recompensa al buen orden que existe al interior del magisterio tamaulipeco. Pendientes.<\/p>\n\n\n\n<p>M\u00e1s de educaci\u00f3n. A partir del pasado lunes inici\u00f3 la inscripci\u00f3n definitiva en l\u00ednea para preescolar, ciclo escolar 2021-2022.<\/p>\n\n\n\n<p>Del 01 al 12 de marzo. Si tus hijos cumplen 4 o 5 a\u00f1os de edad al 31 de diciembre, preescolar deben cursar.<\/p>\n\n\n\n<p>Inscr\u00edbelo en la siguiente liga:&nbsp;<a href=\"https:\/\/www.tamaulipas.gob.mx\/educacion\/\"><strong>https:\/\/www.tamaulipas.gob.mx\/educacion\/<\/strong><\/a><\/p>\n\n\n\n<p>De lunes a s\u00e1bado de 7:00 a.m. a 10:00 p.m.<\/p>\n\n\n\n<p>Por otra parte, entrando y jalando de lleno as\u00ed lleg\u00f3 Gustavo Rivera Rodr\u00edguez a la COMAPA local, pues el pasado fin de semana sostuvo una reuni\u00f3n de trabajo con integrantes del Cabildo de Victoria, en la que se abordaron temas de inter\u00e9s para el mejoramiento del suministro de agua potable en la Ciudad y se hizo por instrucciones precisas de la alcaldesa Pilar G\u00f3mez.<\/p>\n\n\n\n<p>Rivera Rodr\u00edguez dio a conocer ante los representantes populares las acciones que el Gobernador del Estado ha realizado en el servicio de agua en la Capital, entre las que destaca la sustituci\u00f3n de todos los equipos de bombeo del acueducto Guadalupe Victoria y la rehabilitaci\u00f3n de 30 kil\u00f3metros de tuber\u00eda en la zona centro.<\/p>\n\n\n\n<p>En esta reuni\u00f3n se les inform\u00f3 del trabajo que el organismo realiza d\u00eda a d\u00eda en cuanto a reparaci\u00f3n de fugas, rehabilitaci\u00f3n de drenaje, entre otros, adem\u00e1s&nbsp;se lleg\u00f3 al acuerdo de tender un puente de comunicaci\u00f3n entre COMAPA y Cabildo, a fin de informarles los avances en la prestaci\u00f3n del servicio a los victorenses.<\/p>\n\n\n\n<p>Cabe destacar que en la fruct\u00edfera reuni\u00f3n estuvieron presentes: la S\u00edndica Frida Patricia Escobar Ortiz, as\u00ed como los regidores Lucila Carre\u00f3n Avalos, Ver\u00f3nica Mar\u00eda Garc\u00eda Barr\u00f3n, Gladys Nery Enr\u00edquez Vel\u00e1zquez,&nbsp;Edgar Javier Valdez Sald\u00edvar, Gerardo Valdez Tovar, Karleny Miroslava Perales Escalante, Horacio Reyna de la Garza, Itzcalli Anzures Silva, Jos\u00e9 Ben\u00edtez Rodr\u00edguez, Fabi\u00e1n Cervantes Tovar y Mar\u00eda del Rosario Rodr\u00edguez Guti\u00e9rrez, entre otros.<strong><\/strong><\/p>\n\n\n\n<p><strong>NOTAS CORTAS<\/strong><\/p>\n\n\n\n<p>1.- Por si no lo sab\u00eda an\u00f3telo. En este mes de marzo \u201cD\u00eda de la Familia 2021\u201d, usted tendr\u00e1 que pagar los servicios m\u00e1s caros. La luz, la gasolina y otros que dependen del Gobierno Federal. En las gasolineras ya aumento el litro de Premium, pero no quieren decir cu\u00e1nto. Los precios de las medicinas ya se fueron arriba y de los productos b\u00e1sicos ni se diga. Trate de comprar una despensa ahora con la cantidad que lo hac\u00eda antes y lo ver\u00e1. Y que vienen m\u00e1s precios altos \u00bfSera?<\/p>\n\n\n\n<p>2.- Que est\u00e1 por verse cuantos municipios chicos recupera el PRI en las pr\u00f3ximas elecciones del pr\u00f3ximo 6 de junio. Por lo pronto, en el altiplano tamaulipeco la vemos dif\u00edcil que ganen.<\/p>\n\n\n\n<p>Por hoy es todo, en la pr\u00f3xima seguiremos dialogando del acontecer pol\u00edtico tamaulipeco.<\/p>\n","protected":false},"excerpt":{"rendered":"<p>Que siga avanzando Tamaulipas No quisi\u00e9ramos pasar por alto la situaci\u00f3n pol\u00edtica que priva en Tamaulipas en estos momentos, pero como tamaulipecos tenemos confianza en que todo habr\u00e1 de aclararse y que luego de la tempestad venga la calma, seguramente el gobernador del Estado, Francisco Garc\u00eda Cabeza de Vaca, habr\u00e1 de sortear esta problem\u00e1tica para [&hellip;]<\/p>\n","protected":false},"author":1,"featured_media":0,"comment_status":"closed","ping_status":"closed","sticky":false,"template":"","format":"standard","meta":{"footnotes":""},"categories":[16],"tags":[],"class_list":["post-50428","post","type-post","status-publish","format-standard","hentry","category-opinion"],"_links":{"self":[{"href":"https:\/\/www.elsinodaldetamaulipas.com.mx\/index.php?rest_route=\/wp\/v2\/posts\/50428","targetHints":{"allow":["GET"]}}],"collection":[{"href":"https:\/\/www.elsinodaldetamaulipas.com.mx\/index.php?rest_route=\/wp\/v2\/posts"}],"about":[{"href":"https:\/\/www.elsinodaldetamaulipas.com.mx\/index.php?rest_route=\/wp\/v2\/types\/post"}],"author":[{"embeddable":true,"href":"https:\/\/www.elsinodaldetamaulipas.com.mx\/index.php?rest_route=\/wp\/v2\/users\/1"}],"replies":[{"embeddable":true,"href":"https:\/\/www.elsinodaldetamaulipas.com.mx\/index.php?rest_route=%2Fwp%2Fv2%2Fcomments&post=50428"}],"version-history":[{"count":1,"href":"https:\/\/www.elsinodaldetamaulipas.com.mx\/index.php?rest_route=\/wp\/v2\/posts\/50428\/revisions"}],"predecessor-version":[{"id":50429,"href":"https:\/\/www.elsinodaldetamaulipas.com.mx\/index.php?rest_route=\/wp\/v2\/posts\/50428\/revisions\/50429"}],"wp:attachment":[{"href":"https:\/\/www.elsinodaldetamaulipas.com.mx\/index.php?rest_route=%2Fwp%2Fv2%2Fmedia&parent=50428"}],"wp:term":[{"taxonomy":"category","embeddable":true,"href":"https:\/\/www.elsinodaldetamaulipas.com.mx\/index.php?rest_route=%2Fwp%2Fv2%2Fcategories&post=50428"},{"taxonomy":"post_tag","embeddable":true,"href":"https:\/\/www.elsinodaldetamaulipas.com.mx\/index.php?rest_route=%2Fwp%2Fv2%2Ftags&post=50428"}],"curies":[{"name":"wp","href":"https:\/\/api.w.org\/{rel}","templated":true}]}}