{"id":54588,"date":"2021-04-13T22:52:59","date_gmt":"2021-04-13T22:52:59","guid":{"rendered":"http:\/\/www.elsinodaldetamaulipas.com.mx\/?p=54588"},"modified":"2021-04-13T22:53:03","modified_gmt":"2021-04-13T22:53:03","slug":"aqui-rio-bravo-por-daniel-enrique-romero-aleman-113","status":"publish","type":"post","link":"https:\/\/www.elsinodaldetamaulipas.com.mx\/?p=54588","title":{"rendered":"AQU\u00cd R\u00cdO BRAVO\/ Por Daniel ENRIQUE ROMERO ALEM\u00c1N"},"content":{"rendered":"\n<p><strong><em>REYNOSENSES VAN CON \u201cCHUMA\u201d&nbsp;<\/em><\/strong><\/p>\n\n\n\n<p>Al parecer a los amigos de Suelo Reynosense no les pareci\u00f3 la idea de que la Presidente Municipal MAKI ORTIZ DOM\u00cdNGUEZ, quiera perpetuarse en el poder a trav\u00e9s de su hijo CARLOS V\u00cdCTOR PE\u00d1A ORTIZ, que es el candidato de Morena a la Alcald\u00eda.&nbsp;<\/p>\n\n\n\n<p>Y es que en una encuesta reciente realizada por un diario impreso de circulaci\u00f3n regional ponen a la cabeza a JES\u00daS MAR\u00cdA MORENO IBARRA.&nbsp;<\/p>\n\n\n\n<p>El abanderado azul apareci\u00f3 con un porcentaje del 54 por ciento, mientras que Carlos V\u00edctor con un 44; de un total de 44,639 personas encuestadas.&nbsp;<\/p>\n\n\n\n<p>As\u00ed que ya son muchos los que creen en el proyecto pol\u00edtico de \u201cCHUMAjestad\u201d.&nbsp;<\/p>\n\n\n\n<p>\u201cChuma\u201d, es el abanderado a la Presidencia Municipal bajo las siglas del Partido Acci\u00f3n Nacional, y ahora se le ve con amplias posibilidades de triunfar en los comicios del 6 de junio, y a escasos d\u00edas de que inicien las campa\u00f1as de proselitismo.&nbsp;<\/p>\n\n\n\n<p>Jes\u00fas Mar\u00eda, va tener que aprovechar el humor social que tienen muy mal parada a la doctora por el hecho de querer heredarle la candidatura a su hijo.&nbsp;<\/p>\n\n\n\n<p>Quien se iba a imaginar que en el 2021 se iban a jugar su carrera pol\u00edtica la doctora Maki y el Gobernador del Estado FRANCISCO JAVIER GARC\u00cdA CABEZA DE VACA, quien tienen apostado todo su capital en su hijo, ella; y \u00e9l en su amigo. &nbsp;<\/p>\n\n\n\n<p>Ser\u00e1 una tit\u00e1nica y desquiciante lucha por llegar al poder, se juegan pr\u00e1cticamente todo y por lo tanto tendr\u00e1 que hacer descomunales esfuerzos por triunfar.&nbsp;<\/p>\n\n\n\n<p>El Gobernador Garc\u00eda, a lo largo de su mandato la ha hecho la vida de cuadritos a la Doctora, y hoy pr\u00e1cticamente se le ve operando en Reynosa en favor de su querido amigo \u201cChuma\u201d, como marca el manual.&nbsp;<\/p>\n\n\n\n<p>MUCHOS LE echan mosca al Presidente de la Rep\u00fablica ANDR\u00c9S MANUEL L\u00d3PEZ OBRADOR, por estarle sacando jugo a la campa\u00f1a de vacunaci\u00f3n para los adultos mayores, y hasta cuando se reciben a las vacunas se toman rimbombantes fotos como si llegara un Jefe de Estado, y a diario en las ma\u00f1aneras se habla tanto de ello.&nbsp;<\/p>\n\n\n\n<p>Por eso tambi\u00e9n recibieron carrilla el Gobernador Garc\u00eda, Maki y MARIO ALBERTO \u201cLa Borrega\u201d L\u00d3PEZ HERN\u00c1NDEZ, que anduvieron en los centros de vacunaci\u00f3n checando que todo caminara sobre ruedas, y claro sacar raja pol\u00edtica, como lo han hecho los servidores de la naci\u00f3n del Presidente L\u00f3pez.&nbsp;<\/p>\n\n\n\n<p>Nom\u00e1s porque no hay velorios sino tambi\u00e9n acudieran a dar el p\u00e9same.&nbsp;<\/p>\n\n\n\n<p>Por cierto, el Presidente L\u00f3pez se volvi\u00f3 a enfrascar en un pleito ranchero e innecesario con la periodista DENISE DRESSER, por haberla llamado \u201cintelectual org\u00e1nica\u201d, en las pat\u00e9ticas y somnolientas conferencias ma\u00f1aneras, despu\u00e9s de que ella hizo una cr\u00edtica sobre los precios de la gasolina.&nbsp;<\/p>\n\n\n\n<p>La profesora universitaria le respondi\u00f3 con esto: \u201cCelebro que L\u00f3pez Obrador se ha vuelto un gran economista que explica los precios en t\u00e9rminos reales; ojal\u00e1 se tome una foto en las bombas de cualquier gasolinera peri\u00f3dicamente, como lo hac\u00eda el AMLO que denunci\u00f3 los aumentos nominales de la gasolina para llegar al poder\u201d.&nbsp;<\/p>\n\n\n\n<p>Y abund\u00f3: \u201cY la pr\u00f3xima vez que cualquier ciudadano vaya a cargar gasolina, por favor insista en pagar s\u00f3lo el precio que AMLO dice que cuesta; suerte con eso\u201d.&nbsp;<\/p>\n\n\n\n<p>Qu\u00e9 necesidad Presidente L\u00f3pez.&nbsp;<\/p>\n\n\n\n<p>VOLVIENDO A Suelo Reynosense, RIGOBERTO RAMOS ORDO\u00d1EZ, diputado local con licencia, y en su momento, aspirante a la candidatura por Morena para contender por la Alcald\u00eda, sigue en espera a que las autoridades electorales resuelvan plenamente sobre los hechos que mantienen a\u00fan muy decepcionados a todos los Morenistas.&nbsp;<\/p>\n\n\n\n<p>Los seguidores de AMLO, que son muchos por aquel municipio, de ninguna manera van aceptar la imposici\u00f3n a la que est\u00e1n siendo objeto.&nbsp;<\/p>\n\n\n\n<p>Rigoberto, invit\u00f3 a sus simpatizantes, y sobre todo a los afiliados a Morena, que no se crean de los falsos rumores, y as\u00ed reflexion\u00f3 sobre el momento que se vive: \u201cEsa reflexi\u00f3n me confirma que hemos estado en el camino correcto, en el lado bueno de la historia, de esa historia que queremos todos, construir de la mano de los que menos tienen, pero tambi\u00e9n del empresario, el industrial, el comerciante, de los estudiantes, obreros, hombres y mujeres, la sociedad en su conjunto, un futuro digno, y que debe ser con miras a la Cuarta Transformaci\u00f3n\u201d.&nbsp;<\/p>\n\n\n\n<p>Rematando:&nbsp;\u201cLos invito amigos, a que me acompa\u00f1en a luchar por el futuro de nuestros hijos, por el rescate de nuestra ciudad, \u00e9sta que jam\u00e1s ha sido atendida, logremos todos, ese cambio real que ocupamos todos\u201d.&nbsp;<\/p>\n\n\n\n<p>EL GOBIERNO Federal tambi\u00e9n va contra el ex-Gobernador de Nuevo Le\u00f3n RODRIGO MEDINA DE LA CRUZ, que ya en varias ocasiones hab\u00eda salvado la tablita, y hasta le dieron tronco a un juez que orden\u00f3 su aprehensi\u00f3n hace ya varios a\u00f1os.&nbsp;<\/p>\n\n\n\n<p>La Unidad de Inteligencia Financiera lo denunci\u00f3 ante la Fiscal\u00eda General de la Rep\u00fablica, de lavado de dinero y evasi\u00f3n fiscal por la auto-compra de un predio de&nbsp;92 millones de pesos&nbsp;v\u00eda su empresa Multi Terrenos en Saltillo.&nbsp;<\/p>\n\n\n\n<p>En el ajo tambi\u00e9n van su padre y sus hermanos; y al parecer de est\u00e1 no se salva.&nbsp;<\/p>\n\n\n\n<p>La Uif de SANTIAGO NIETO, detect\u00f3 una red de empresas para hacer triangulaciones millonarias, dep\u00f3sitos en efectivo entre cuentas bancarias y empresas fachada, inversiones en fondos extranjeros y env\u00edo de recursos a cuentas en Alemania, Suiza, Argentina y Emiratos \u00c1rabes Unidos.&nbsp;<\/p>\n\n\n\n<p>LOS INVITADOS de honor a la ya tradicional comida de todos los mi\u00e9rcoles por la tarde del \u201cG-6\u201d en \u201cLa Ofichina\u201d del Callej\u00f3n, ser\u00e1n los abanderados de Movimiento Ciudadana CLAUDIO MEDINA, RIGOBERTO \u201cRigo\u201d CAMARILLO y DANIEL PALMILLAS.&nbsp;<\/p>\n\n\n\n<p>El primero va por la diputaci\u00f3n federal en el distrito tres; \u201cRigo\u201d por la Presidencia Municipal; y Daniel por la diputaci\u00f3n localen el octavo distrito.&nbsp;<\/p>\n\n\n\n<p>ESTE MI\u00c9RCOLES llegan a un a\u00f1o m\u00e1s de vida MARGARITA GARZA, que fuera compa\u00f1era de trabajo en la Comapa de Suelo Riobravense; ROCIO NAHLE, funcionaria federal; y los buenos amigos de Suelo Riobravense JES\u00daS EDUARDO CANALES, ROBERTO SILVA y JORGE VENEGAS.&nbsp;<\/p>\n\n\n\n<p>Un monumental abrazo y que vengan muchos m\u00e1s.&nbsp;<\/p>\n\n\n\n<p>LA FELICITACI\u00d3N para el Presidente Municipal de Suelo Riobravense CARLOS ULIVARRI L\u00d3PEZ, y su se\u00f1ora esposa LETICIA DE LE\u00d3N, por la llegada de su nuevo nieto.&nbsp;<\/p>\n\n\n\n<p>TERMINAMOS, PERO VOLVEREMOS\u2026D\u2026M\u2026&nbsp;<\/p>\n\n\n\n<p>Correoelectr\u00f3nico:barre283@hotmail.com&nbsp;<\/p>\n","protected":false},"excerpt":{"rendered":"<p>REYNOSENSES VAN CON \u201cCHUMA\u201d&nbsp; Al parecer a los amigos de Suelo Reynosense no les pareci\u00f3 la idea de que la Presidente Municipal MAKI ORTIZ DOM\u00cdNGUEZ, quiera perpetuarse en el poder a trav\u00e9s de su hijo CARLOS V\u00cdCTOR PE\u00d1A ORTIZ, que es el candidato de Morena a la Alcald\u00eda.&nbsp; Y es que en una encuesta reciente [&hellip;]<\/p>\n","protected":false},"author":1,"featured_media":33322,"comment_status":"closed","ping_status":"closed","sticky":false,"template":"","format":"standard","meta":{"footnotes":""},"categories":[16],"tags":[],"class_list":["post-54588","post","type-post","status-publish","format-standard","has-post-thumbnail","hentry","category-opinion"],"_links":{"self":[{"href":"https:\/\/www.elsinodaldetamaulipas.com.mx\/index.php?rest_route=\/wp\/v2\/posts\/54588","targetHints":{"allow":["GET"]}}],"collection":[{"href":"https:\/\/www.elsinodaldetamaulipas.com.mx\/index.php?rest_route=\/wp\/v2\/posts"}],"about":[{"href":"https:\/\/www.elsinodaldetamaulipas.com.mx\/index.php?rest_route=\/wp\/v2\/types\/post"}],"author":[{"embeddable":true,"href":"https:\/\/www.elsinodaldetamaulipas.com.mx\/index.php?rest_route=\/wp\/v2\/users\/1"}],"replies":[{"embeddable":true,"href":"https:\/\/www.elsinodaldetamaulipas.com.mx\/index.php?rest_route=%2Fwp%2Fv2%2Fcomments&post=54588"}],"version-history":[{"count":1,"href":"https:\/\/www.elsinodaldetamaulipas.com.mx\/index.php?rest_route=\/wp\/v2\/posts\/54588\/revisions"}],"predecessor-version":[{"id":54589,"href":"https:\/\/www.elsinodaldetamaulipas.com.mx\/index.php?rest_route=\/wp\/v2\/posts\/54588\/revisions\/54589"}],"wp:featuredmedia":[{"embeddable":true,"href":"https:\/\/www.elsinodaldetamaulipas.com.mx\/index.php?rest_route=\/wp\/v2\/media\/33322"}],"wp:attachment":[{"href":"https:\/\/www.elsinodaldetamaulipas.com.mx\/index.php?rest_route=%2Fwp%2Fv2%2Fmedia&parent=54588"}],"wp:term":[{"taxonomy":"category","embeddable":true,"href":"https:\/\/www.elsinodaldetamaulipas.com.mx\/index.php?rest_route=%2Fwp%2Fv2%2Fcategories&post=54588"},{"taxonomy":"post_tag","embeddable":true,"href":"https:\/\/www.elsinodaldetamaulipas.com.mx\/index.php?rest_route=%2Fwp%2Fv2%2Ftags&post=54588"}],"curies":[{"name":"wp","href":"https:\/\/api.w.org\/{rel}","templated":true}]}}