{"id":60746,"date":"2021-05-30T00:00:51","date_gmt":"2021-05-30T00:00:51","guid":{"rendered":"http:\/\/www.elsinodaldetamaulipas.com.mx\/?p=60746"},"modified":"2021-05-30T00:00:55","modified_gmt":"2021-05-30T00:00:55","slug":"llaman-a-no-exponer-a-los-mas-vulnerables-a-un-contagio-de-covid-19-eviten-salidas-innecesarias","status":"publish","type":"post","link":"https:\/\/www.elsinodaldetamaulipas.com.mx\/?p=60746","title":{"rendered":"LLAMAN A NO EXPONER A LOS M\u00c1S VULNERABLES A UN CONTAGIO DE COVID-19: \u201cEVITEN SALIDAS INNECESARIAS\u201d"},"content":{"rendered":"\n<p><strong>EL SINODAL DE TAMAULIPAS<\/strong><\/p>\n\n\n\n<p><em><strong>CIUDAD VICTORIA, Tamaulipas.-<\/strong><\/em> Durante la jornada de este s\u00e1bado, la secretaria de Salud, Gloria Molina Gamboa report\u00f3 50 nuevos casos y 16 defunciones a causa del COVID-19 en Tamaulipas, por lo que reiter\u00f3 el llamado a no bajar la guardia y reforzar las medidas de prevenci\u00f3n.<\/p>\n\n\n\n<p>Con estas cifras el comportamiento activo de la pandemia en la entidad, muestra un balance de 55,163 positivos, de los cuales 49,004 se han recuperado y 5,124 han perdido la vida.<\/p>\n\n\n\n<p>Inform\u00f3 que los nuevos casos se presentaron en los siguientes municipios:<\/p>\n\n\n\n<div class=\"wp-block-image\"><figure class=\"aligncenter size-large\"><img loading=\"lazy\" decoding=\"async\" width=\"617\" height=\"399\" src=\"https:\/\/www.elsinodaldetamaulipas.com.mx\/wp-content\/uploads\/2021\/05\/SST-I-27.jpg\" alt=\"\" class=\"wp-image-60747\" srcset=\"https:\/\/www.elsinodaldetamaulipas.com.mx\/wp-content\/uploads\/2021\/05\/SST-I-27.jpg 617w, https:\/\/www.elsinodaldetamaulipas.com.mx\/wp-content\/uploads\/2021\/05\/SST-I-27-300x194.jpg 300w\" sizes=\"auto, (max-width: 617px) 100vw, 617px\" \/><\/figure><\/div>\n\n\n\n<p>Y que los fallecimientos corresponden a:<\/p>\n\n\n\n<div class=\"wp-block-image\"><figure class=\"aligncenter size-large\"><img loading=\"lazy\" decoding=\"async\" width=\"574\" height=\"367\" src=\"https:\/\/www.elsinodaldetamaulipas.com.mx\/wp-content\/uploads\/2021\/05\/SST-II-10.jpg\" alt=\"\" class=\"wp-image-60748\" srcset=\"https:\/\/www.elsinodaldetamaulipas.com.mx\/wp-content\/uploads\/2021\/05\/SST-II-10.jpg 574w, https:\/\/www.elsinodaldetamaulipas.com.mx\/wp-content\/uploads\/2021\/05\/SST-II-10-300x192.jpg 300w\" sizes=\"auto, (max-width: 574px) 100vw, 574px\" \/><\/figure><\/div>\n\n\n\n<p>Por \u00faltimo, exhort\u00f3 a las y los tamaulipecos a seguir utilizando el cubrebocas en todos los espacios p\u00fablicos, mantener una distancia de 2 metros o m\u00e1s con otras personas, lavarse las manos frecuentemente, de 10 a 20 veces por d\u00eda, mantener el control de enfermedades como obesidad, hipertensi\u00f3n o diabetes y evitar exponer a los m\u00e1s vulnerables a un contagio.<\/p>\n","protected":false},"excerpt":{"rendered":"<p>EL SINODAL DE TAMAULIPAS CIUDAD VICTORIA, Tamaulipas.- Durante la jornada de este s\u00e1bado, la secretaria de Salud, Gloria Molina Gamboa report\u00f3 50 nuevos casos y 16 defunciones a causa del COVID-19 en Tamaulipas, por lo que reiter\u00f3 el llamado a no bajar la guardia y reforzar las medidas de prevenci\u00f3n. Con estas cifras el comportamiento [&hellip;]<\/p>\n","protected":false},"author":1,"featured_media":60749,"comment_status":"closed","ping_status":"closed","sticky":false,"template":"","format":"standard","meta":{"footnotes":""},"categories":[13,1,3],"tags":[],"class_list":["post-60746","post","type-post","status-publish","format-standard","has-post-thumbnail","hentry","category-gobierno","category-portada","category-tamaulipas"],"_links":{"self":[{"href":"https:\/\/www.elsinodaldetamaulipas.com.mx\/index.php?rest_route=\/wp\/v2\/posts\/60746","targetHints":{"allow":["GET"]}}],"collection":[{"href":"https:\/\/www.elsinodaldetamaulipas.com.mx\/index.php?rest_route=\/wp\/v2\/posts"}],"about":[{"href":"https:\/\/www.elsinodaldetamaulipas.com.mx\/index.php?rest_route=\/wp\/v2\/types\/post"}],"author":[{"embeddable":true,"href":"https:\/\/www.elsinodaldetamaulipas.com.mx\/index.php?rest_route=\/wp\/v2\/users\/1"}],"replies":[{"embeddable":true,"href":"https:\/\/www.elsinodaldetamaulipas.com.mx\/index.php?rest_route=%2Fwp%2Fv2%2Fcomments&post=60746"}],"version-history":[{"count":1,"href":"https:\/\/www.elsinodaldetamaulipas.com.mx\/index.php?rest_route=\/wp\/v2\/posts\/60746\/revisions"}],"predecessor-version":[{"id":60750,"href":"https:\/\/www.elsinodaldetamaulipas.com.mx\/index.php?rest_route=\/wp\/v2\/posts\/60746\/revisions\/60750"}],"wp:featuredmedia":[{"embeddable":true,"href":"https:\/\/www.elsinodaldetamaulipas.com.mx\/index.php?rest_route=\/wp\/v2\/media\/60749"}],"wp:attachment":[{"href":"https:\/\/www.elsinodaldetamaulipas.com.mx\/index.php?rest_route=%2Fwp%2Fv2%2Fmedia&parent=60746"}],"wp:term":[{"taxonomy":"category","embeddable":true,"href":"https:\/\/www.elsinodaldetamaulipas.com.mx\/index.php?rest_route=%2Fwp%2Fv2%2Fcategories&post=60746"},{"taxonomy":"post_tag","embeddable":true,"href":"https:\/\/www.elsinodaldetamaulipas.com.mx\/index.php?rest_route=%2Fwp%2Fv2%2Ftags&post=60746"}],"curies":[{"name":"wp","href":"https:\/\/api.w.org\/{rel}","templated":true}]}}