{"id":60751,"date":"2021-05-30T00:05:40","date_gmt":"2021-05-30T00:05:40","guid":{"rendered":"http:\/\/www.elsinodaldetamaulipas.com.mx\/?p=60751"},"modified":"2021-05-30T00:05:45","modified_gmt":"2021-05-30T00:05:45","slug":"agenda-fronteriza-por-humberto-gutierrez-309","status":"publish","type":"post","link":"https:\/\/www.elsinodaldetamaulipas.com.mx\/?p=60751","title":{"rendered":"AGENDA FRONTERIZA\/ POR HUMBERTO  GUTIERREZ"},"content":{"rendered":"\n<p><strong><em>GOBERNADOR O CIUDADANO?<\/em><\/strong><\/p>\n\n\n\n<p><strong>Buen dia &#8230;quien te lastima te hace fuerte, quien te cr\u00edtica te hace importante, quien te envidia te hace valioso<\/strong>.<\/p>\n\n\n\n<p>El gobernador de Tamaulipas haciendo gala de sus \u201c amistades\u201d consigui\u00f3 un amparo temporal de un juez federal de Reynosa, que deja sin efecto la orden de aprehensi\u00f3n girada por otro juez federal de Almoloya hasta el siete de junio.<\/p>\n\n\n\n<p>Esa es la realidad que contrasta con los boletines sonrientes del gobierno del estado que aseguraban que no hab\u00eda tal orden de arresto para remitirlo a prisi\u00f3n.<\/p>\n\n\n\n<p>La otra realidad es que tarde o temprano se ha de enfrentar a la justicia para que responda a las acusaciones que pesan en su contra por diversos delitos federales sin derecho a fianza.<\/p>\n\n\n\n<p>Los problemas se resuelven en un 50% cuando se enfrentan, el otro 50 depende de la voluntad de la partes.- una verdad de a kilo.<\/p>\n\n\n\n<p>Con ese amparo en su bolsa, sali\u00f3 de la Casa de Gobierno presuroso, sin dar declaraciones cuando se traslad\u00f3 a las oficinas del gobierno del estado.<\/p>\n\n\n\n<p>No se sabe c\u00f3mo llamarlo, \u00bf gobernador o ciudadano? Porque para el Congreso de la Uni\u00f3n no tiene fuero y por lo tanto supongo no tiene validez sus actuaciones oficiales mucho menos la firma.<\/p>\n\n\n\n<p>El asunto es in\u00e9dito, jam\u00e1s en la vida nacional hemos tenido una actuaci\u00f3n juzgada por un Congreso a un gobernador, y le toco a Tamaulipas.&nbsp;<\/p>\n\n\n\n<p>El doble discurso, ambos opuestos de la Fiscal\u00eda General de la Rep\u00fablica que es la parte denunciante, y por la otra el del gobernador que asegura que es un atentado contra la soberan\u00eda estatal, sin admitir su presencia en los il\u00edcitos que se mencionan en la denuncia.<\/p>\n\n\n\n<p>Lo que est\u00e1 claro es que se trata de un asunto de interpretaci\u00f3n de las leyes.<\/p>\n\n\n\n<p>Que para eso est\u00e1n los \u00e1rbitros, para definir.<\/p>\n\n\n\n<p>Este asunto de novela, va a encontrar un nuevo episodio el 7 de junio, un d\u00eda despu\u00e9s de las elecciones en que se diputar\u00e1 el control del Congreso de Tamaulipas, ahora mayoritariamente panistas, aliados con el pri y con tres diputados de morena.<\/p>\n\n\n\n<p>\u00a1\u00a1\u00a1 Que capacidad de persuasi\u00f3n y convencimiento \u00a1\u00a1\u00a1.<\/p>\n\n\n\n<p>\u00bfUsted se imagina el costo de la complicidad de los diputados del pri y tres desertores de morena?.<\/p>\n\n\n\n<p>No imagino a comprender, y creo que los mismos abogados constitucionalistas no son coincidentes.<\/p>\n\n\n\n<p>La C\u00e1mara de Diputados que se asume como la m\u00e1xima autoridad constitucional, que hace inatacables sus resoluciones como jurado de procedencia ha sido violentado, violado por un amparo de un juez de una orden de aprehensi\u00f3n por delitos graves cuando ese amparo tiene como l\u00edmite los delitos que no merecen prisi\u00f3n preventiva.<\/p>\n\n\n\n<p>Cabe la pregunta, \u00bf la justicia todav\u00eda est\u00e1 del lado del mejor postor?.<\/p>\n\n\n\n<p>La respuesta del gobierno federal es nuevas denuncias.<\/p>\n\n\n\n<p>&nbsp;\u00bfY los personajes que no tienen fuero?.<\/p>\n\n\n\n<p>Acaso ya negociaron ?<\/p>\n\n\n\n<p>Por otro lado, JOS\u00c9 RAM\u00d3N G\u00d3MEZ LEAL, este seis de junio tendr\u00e1 que demostrar su lealtad al gobierno que lo cobij\u00f3 como representante de los programas sociales del Presidente de la Rep\u00fablica ANDRES MANUEL LOPEZ OBRADOR.<\/p>\n\n\n\n<p>Los 500 mil beneficiarios representan la prueba de que hizo o no hizo bien su trabajo.<\/p>\n\n\n\n<p>De ese resultado depende su futuro.<\/p>\n\n\n\n<p>Se supone que representa el m\u00ednimo de votos para la causa morenista.<\/p>\n\n\n\n<p>Estas campa\u00f1as resultaron un tanto ap\u00e1ticas y vac\u00edas en su contenido, los candidatos presentados por los partidos pol\u00edticos no corresponden en su mayor\u00eda a la expectativa ciudadana, \u201c no sacan, ni siquiera, el perro a mear \u201c como dir\u00eda mi abuela.<\/p>\n\n\n\n<p>Otro concepto para reconocer la apat\u00eda de los tamaulipecos es que ya sabemos por qui\u00e9n no votaremos. As\u00ed de f\u00e1cil.<\/p>\n\n\n\n<p>No queremos m\u00e1s vientos del cambio que quedo en pura palabrer\u00eda.<\/p>\n\n\n\n<p>Vot\u00e9 por LOPEZ OBRADOR, as\u00ed como yo, m\u00e1s de 30 millones de electores al igual que muchos amigos, en todos los estados gan\u00f3 con mucho margen.<\/p>\n\n\n\n<p>Entiendo que la influyente revista, THE ECONOMIST, tiene un motivo empresarial, de muchos pesos y centavos para contratar la portada de su prestigiado medio. Nos concept\u00faa \u201c en una bola de ignorantes a los que votamos por AMLO\u201d.<\/p>\n\n\n\n<p>No me queda el saco, con un costo de 150 mil d\u00f3lares no tuvieron m\u00e1s que decir los opositores del r\u00e9gimen de la 4\u00aa Transformaci\u00f3n.<\/p>\n\n\n\n<p>Creo que existen publicaciones para defender los derechos exclusivos de los poseedores de riqueza, que repudian a los pa\u00edses que no aceptan sus condiciones.<\/p>\n\n\n\n<p>Si esto resultar\u00e1 verdad, como lo creo, ha sido un honor ser uno de los m\u00e1s de 30 millones de mexicanos hartos de la mentira y del despojo de los anteriores gobiernos.<\/p>\n\n\n\n<p>Regreso a Tamaulipas, a la ciudad de Reynosa para enterarme que, en el gobierno municipal, la alcaldesa MAkI ORTIZ se reuni\u00f3 con los responsables de Protecci\u00f3n Civil, Bomberos y fuerzas federales para conocer los da\u00f1os ocasionados por el temporal de la semana pasada.<\/p>\n\n\n\n<p>Los funcionarios, S\u00edndicos y Regidores que permanecieron atentos a este fen\u00f3meno natural externaron su benepl\u00e1cito al dar a conocer el saldo blanco en cuanto a v\u00edctimas humanas, solo da\u00f1os materiales y reparaci\u00f3n de da\u00f1os en los servicios p\u00fablicos, esto incluye energ\u00eda el\u00e9ctrica, telefon\u00eda, internet, encharcamientos donde se repararon casi en su totalidad, ya fue reportado como recuperado al cien por ciento.<\/p>\n\n\n\n<p>Si hoy fueran las elecciones, ganar\u00eda son sobrada ventaja los candidatos de MORENA en Nuevo Laredo, Reynosa, Matamoros, Rio Bravo, Victoria, Altamira y Madero.<\/p>\n\n\n\n<p>Tamaulipas de viste del color guindo, CARLOS PE\u00d1A ORTIZ le saca 15 puntos porcentuales al candidato del PAN.<\/p>\n\n\n\n<p>Las elecciones de 2021, es cosa juzgada.<\/p>\n\n\n\n<p>Mi correo:&nbsp;<a href=\"mailto:humbertografico@yahoo.com.mx\" target=\"_blank\" rel=\"noreferrer noopener\">humbertografico@yahoo.com.mx<\/a><\/p>\n","protected":false},"excerpt":{"rendered":"<p>GOBERNADOR O CIUDADANO? Buen dia &#8230;quien te lastima te hace fuerte, quien te cr\u00edtica te hace importante, quien te envidia te hace valioso. El gobernador de Tamaulipas haciendo gala de sus \u201c amistades\u201d consigui\u00f3 un amparo temporal de un juez federal de Reynosa, que deja sin efecto la orden de aprehensi\u00f3n girada por otro juez [&hellip;]<\/p>\n","protected":false},"author":1,"featured_media":0,"comment_status":"closed","ping_status":"closed","sticky":false,"template":"","format":"standard","meta":{"footnotes":""},"categories":[16],"tags":[],"class_list":["post-60751","post","type-post","status-publish","format-standard","hentry","category-opinion"],"_links":{"self":[{"href":"https:\/\/www.elsinodaldetamaulipas.com.mx\/index.php?rest_route=\/wp\/v2\/posts\/60751","targetHints":{"allow":["GET"]}}],"collection":[{"href":"https:\/\/www.elsinodaldetamaulipas.com.mx\/index.php?rest_route=\/wp\/v2\/posts"}],"about":[{"href":"https:\/\/www.elsinodaldetamaulipas.com.mx\/index.php?rest_route=\/wp\/v2\/types\/post"}],"author":[{"embeddable":true,"href":"https:\/\/www.elsinodaldetamaulipas.com.mx\/index.php?rest_route=\/wp\/v2\/users\/1"}],"replies":[{"embeddable":true,"href":"https:\/\/www.elsinodaldetamaulipas.com.mx\/index.php?rest_route=%2Fwp%2Fv2%2Fcomments&post=60751"}],"version-history":[{"count":1,"href":"https:\/\/www.elsinodaldetamaulipas.com.mx\/index.php?rest_route=\/wp\/v2\/posts\/60751\/revisions"}],"predecessor-version":[{"id":60752,"href":"https:\/\/www.elsinodaldetamaulipas.com.mx\/index.php?rest_route=\/wp\/v2\/posts\/60751\/revisions\/60752"}],"wp:attachment":[{"href":"https:\/\/www.elsinodaldetamaulipas.com.mx\/index.php?rest_route=%2Fwp%2Fv2%2Fmedia&parent=60751"}],"wp:term":[{"taxonomy":"category","embeddable":true,"href":"https:\/\/www.elsinodaldetamaulipas.com.mx\/index.php?rest_route=%2Fwp%2Fv2%2Fcategories&post=60751"},{"taxonomy":"post_tag","embeddable":true,"href":"https:\/\/www.elsinodaldetamaulipas.com.mx\/index.php?rest_route=%2Fwp%2Fv2%2Ftags&post=60751"}],"curies":[{"name":"wp","href":"https:\/\/api.w.org\/{rel}","templated":true}]}}