{"id":60753,"date":"2021-05-30T00:28:39","date_gmt":"2021-05-30T00:28:39","guid":{"rendered":"http:\/\/www.elsinodaldetamaulipas.com.mx\/?p=60753"},"modified":"2021-05-30T02:16:33","modified_gmt":"2021-05-30T02:16:33","slug":"se-suman-lideres-de-mexico-libre-a-gerardo-pena-y-formula-del-pan-en-reynosa","status":"publish","type":"post","link":"https:\/\/www.elsinodaldetamaulipas.com.mx\/?p=60753","title":{"rendered":"SE SUMAN L\u00cdDERES DE M\u00c9XICO LIBRE A GERARDO PE\u00d1A Y F\u00d3RMULA DEL PAN EN REYNOSA"},"content":{"rendered":"\n<p><strong>EL SINODAL DE TAMAULIPAS<\/strong><\/p>\n\n\n\n<p><em><strong>Reynosa, Tam.-<\/strong><\/em>\u00a0No cabe duda que Gerardo Pe\u00f1a es la mejor opci\u00f3n, as\u00ed lo dejan de manifiesto los l\u00edderes del Partido M\u00e9xico Libre, que coordina Griselda Silguero en Tamaulipas y quienes hoy se suman a toda la f\u00f3rmula del PAN en Reynosa<\/p>\n\n\n\n<p>Una de las principales l\u00edderes es Mar\u00eda Guadalupe Adame, quien dio su respaldo al proyecto del candidato a la diputaci\u00f3n federal por el Distrito 09, Gerardo Pe\u00f1a, pues es el m\u00e1s s\u00f3lido y viable para que Reynosa siga creciendo.<\/p>\n\n\n\n<p>Las personas que conforman esta organizaci\u00f3n pol\u00edtica responables con su deber e interesados en la construcci\u00f3n de un mejor pa\u00eds, decidieron abrazar los compromisos del panista y de toda la f\u00f3rmula ganadora de Acci\u00f3n Nacional.<\/p>\n\n\n\n<p>Sin duda, el proyecto de Pe\u00f1a Flores rumbo al Congreso de la Uni\u00f3n est\u00e1 consolidado y es en gran parte, gracias a la suma de la sociedad que ha visto en \u00e9l al mejor candidato que lleve la voz y el sentir de las y los tamaulipecos.<\/p>\n\n\n\n<p>El apoyo recibido este d\u00eda por M\u00e9xico Libre da muestra del liderazgo, compromiso y amor por el estado que ha demostrado Pe\u00f1a Flores en cada trinchera donde se ha desempe\u00f1ado, sin descanso y de cara a su gente.<\/p>\n","protected":false},"excerpt":{"rendered":"<p>EL SINODAL DE TAMAULIPAS Reynosa, Tam.-\u00a0No cabe duda que Gerardo Pe\u00f1a es la mejor opci\u00f3n, as\u00ed lo dejan de manifiesto los l\u00edderes del Partido M\u00e9xico Libre, que coordina Griselda Silguero en Tamaulipas y quienes hoy se suman a toda la f\u00f3rmula del PAN en Reynosa Una de las principales l\u00edderes es Mar\u00eda Guadalupe Adame, quien [&hellip;]<\/p>\n","protected":false},"author":1,"featured_media":60754,"comment_status":"closed","ping_status":"closed","sticky":false,"template":"","format":"standard","meta":{"footnotes":""},"categories":[1,2],"tags":[],"class_list":["post-60753","post","type-post","status-publish","format-standard","has-post-thumbnail","hentry","category-portada","category-reynosa"],"_links":{"self":[{"href":"https:\/\/www.elsinodaldetamaulipas.com.mx\/index.php?rest_route=\/wp\/v2\/posts\/60753","targetHints":{"allow":["GET"]}}],"collection":[{"href":"https:\/\/www.elsinodaldetamaulipas.com.mx\/index.php?rest_route=\/wp\/v2\/posts"}],"about":[{"href":"https:\/\/www.elsinodaldetamaulipas.com.mx\/index.php?rest_route=\/wp\/v2\/types\/post"}],"author":[{"embeddable":true,"href":"https:\/\/www.elsinodaldetamaulipas.com.mx\/index.php?rest_route=\/wp\/v2\/users\/1"}],"replies":[{"embeddable":true,"href":"https:\/\/www.elsinodaldetamaulipas.com.mx\/index.php?rest_route=%2Fwp%2Fv2%2Fcomments&post=60753"}],"version-history":[{"count":2,"href":"https:\/\/www.elsinodaldetamaulipas.com.mx\/index.php?rest_route=\/wp\/v2\/posts\/60753\/revisions"}],"predecessor-version":[{"id":60761,"href":"https:\/\/www.elsinodaldetamaulipas.com.mx\/index.php?rest_route=\/wp\/v2\/posts\/60753\/revisions\/60761"}],"wp:featuredmedia":[{"embeddable":true,"href":"https:\/\/www.elsinodaldetamaulipas.com.mx\/index.php?rest_route=\/wp\/v2\/media\/60754"}],"wp:attachment":[{"href":"https:\/\/www.elsinodaldetamaulipas.com.mx\/index.php?rest_route=%2Fwp%2Fv2%2Fmedia&parent=60753"}],"wp:term":[{"taxonomy":"category","embeddable":true,"href":"https:\/\/www.elsinodaldetamaulipas.com.mx\/index.php?rest_route=%2Fwp%2Fv2%2Fcategories&post=60753"},{"taxonomy":"post_tag","embeddable":true,"href":"https:\/\/www.elsinodaldetamaulipas.com.mx\/index.php?rest_route=%2Fwp%2Fv2%2Ftags&post=60753"}],"curies":[{"name":"wp","href":"https:\/\/api.w.org\/{rel}","templated":true}]}}