{"id":60756,"date":"2021-05-30T02:08:20","date_gmt":"2021-05-30T02:08:20","guid":{"rendered":"http:\/\/www.elsinodaldetamaulipas.com.mx\/?p=60756"},"modified":"2021-05-30T02:08:24","modified_gmt":"2021-05-30T02:08:24","slug":"se-suman-militantes-morenistas-a-la-panista-claudia-pacheco","status":"publish","type":"post","link":"https:\/\/www.elsinodaldetamaulipas.com.mx\/?p=60756","title":{"rendered":"SE SUMAN MILITANTES MORENISTAS A LA PANISTA CLAUDIA PACHECO"},"content":{"rendered":"\n<p><strong>EL SINODAL DE TAMAULIPAS<\/strong><\/p>\n\n\n\n<div class=\"wp-block-image\"><figure class=\"alignright size-large\"><img loading=\"lazy\" decoding=\"async\" width=\"640\" height=\"428\" src=\"https:\/\/www.elsinodaldetamaulipas.com.mx\/wp-content\/uploads\/2021\/05\/Morenista-I.jpg\" alt=\"\" class=\"wp-image-60757\" srcset=\"https:\/\/www.elsinodaldetamaulipas.com.mx\/wp-content\/uploads\/2021\/05\/Morenista-I.jpg 640w, https:\/\/www.elsinodaldetamaulipas.com.mx\/wp-content\/uploads\/2021\/05\/Morenista-I-300x201.jpg 300w\" sizes=\"auto, (max-width: 640px) 100vw, 640px\" \/><\/figure><\/div>\n\n\n\n<p><em><strong>Reynosa, Tam.-<\/strong><\/em>\u00a0En Reynosa Simpatizantes del partido Morena anunciaron hoy su adhesi\u00f3n a Claudia Pacheco, candidata del PAN a la diputaci\u00f3n local del Distrito 4, al considerar que es actualmente la mejor opci\u00f3n para las elecciones del 6 de junio.<\/p>\n\n\n\n<p>De \u00faltima hora, los morenistas acudieron con la panista para manifestarle su simpat\u00eda y decirle que creen en su proyecto, que es el que representar\u00e1 a los ciudadanos de este distrito cuarto de Reynosa.<\/p>\n\n\n\n<p>Como acto simb\u00f3lico, los nuevos panistas se despojaron de sus chalecos guindas de Morena y se pusieron la camisa de Claudia Pacheco.&nbsp;<br>Al darles la bienvenida, Pacheco les expres\u00f3 que su proyecto busca lo mejor para el municipio, por lo que ellos, al agregarse al PAN, aportar\u00e1n valiosos conocimientos y entusiasmo en el plan que ella tiene, para cuando acceda a su lugar en el Congreso de Tamaulipas.<\/p>\n\n\n\n<p>Al mismo tiempo pidi\u00f3 a otros simpatizantes de Morena que se sientan libres de apoyar el proyecto de Acci\u00f3n Nacional, como ya lo hicieron quienes se acaban de adherir a su causa y tambi\u00e9n a los que se est\u00e1n sumando al proyecto albiazul en otros distritos.<\/p>\n\n\n\n<p>\u201cEn el PAN todos son bien recibidos, todas las personas que trabajan por el bien de la ciudadan\u00eda tienen cabida en nuestro proyecto. Me siento sorprendida por el apoyo creciente que he recibido en las colonias. Yo invito a otros morenistas, para que se sientan libres y vengan con nosotros como ya lo est\u00e1n haciendo en otros distritos abrazando las siglas del PAN\u201d, expres\u00f3.<br>\u00a0<br>Cuando se acerca la fecha esperada del d\u00eda de la elecci\u00f3n, Claudia Pacheco llam\u00f3 a los reynosenses a que voten 3 de 3 por la f\u00f3rmula ganadora de candidato a alcalde, y a diputados locales y federales.<\/p>\n","protected":false},"excerpt":{"rendered":"<p>EL SINODAL DE TAMAULIPAS Reynosa, Tam.-\u00a0En Reynosa Simpatizantes del partido Morena anunciaron hoy su adhesi\u00f3n a Claudia Pacheco, candidata del PAN a la diputaci\u00f3n local del Distrito 4, al considerar que es actualmente la mejor opci\u00f3n para las elecciones del 6 de junio. De \u00faltima hora, los morenistas acudieron con la panista para manifestarle su [&hellip;]<\/p>\n","protected":false},"author":1,"featured_media":60758,"comment_status":"closed","ping_status":"closed","sticky":false,"template":"","format":"standard","meta":{"footnotes":""},"categories":[1,2],"tags":[],"class_list":["post-60756","post","type-post","status-publish","format-standard","has-post-thumbnail","hentry","category-portada","category-reynosa"],"_links":{"self":[{"href":"https:\/\/www.elsinodaldetamaulipas.com.mx\/index.php?rest_route=\/wp\/v2\/posts\/60756","targetHints":{"allow":["GET"]}}],"collection":[{"href":"https:\/\/www.elsinodaldetamaulipas.com.mx\/index.php?rest_route=\/wp\/v2\/posts"}],"about":[{"href":"https:\/\/www.elsinodaldetamaulipas.com.mx\/index.php?rest_route=\/wp\/v2\/types\/post"}],"author":[{"embeddable":true,"href":"https:\/\/www.elsinodaldetamaulipas.com.mx\/index.php?rest_route=\/wp\/v2\/users\/1"}],"replies":[{"embeddable":true,"href":"https:\/\/www.elsinodaldetamaulipas.com.mx\/index.php?rest_route=%2Fwp%2Fv2%2Fcomments&post=60756"}],"version-history":[{"count":1,"href":"https:\/\/www.elsinodaldetamaulipas.com.mx\/index.php?rest_route=\/wp\/v2\/posts\/60756\/revisions"}],"predecessor-version":[{"id":60759,"href":"https:\/\/www.elsinodaldetamaulipas.com.mx\/index.php?rest_route=\/wp\/v2\/posts\/60756\/revisions\/60759"}],"wp:featuredmedia":[{"embeddable":true,"href":"https:\/\/www.elsinodaldetamaulipas.com.mx\/index.php?rest_route=\/wp\/v2\/media\/60758"}],"wp:attachment":[{"href":"https:\/\/www.elsinodaldetamaulipas.com.mx\/index.php?rest_route=%2Fwp%2Fv2%2Fmedia&parent=60756"}],"wp:term":[{"taxonomy":"category","embeddable":true,"href":"https:\/\/www.elsinodaldetamaulipas.com.mx\/index.php?rest_route=%2Fwp%2Fv2%2Fcategories&post=60756"},{"taxonomy":"post_tag","embeddable":true,"href":"https:\/\/www.elsinodaldetamaulipas.com.mx\/index.php?rest_route=%2Fwp%2Fv2%2Ftags&post=60756"}],"curies":[{"name":"wp","href":"https:\/\/api.w.org\/{rel}","templated":true}]}}