{"id":63931,"date":"2021-06-29T01:34:32","date_gmt":"2021-06-29T01:34:32","guid":{"rendered":"http:\/\/www.elsinodaldetamaulipas.com.mx\/?p=63931"},"modified":"2021-06-29T01:34:36","modified_gmt":"2021-06-29T01:34:36","slug":"exhorta-sst-a-reducir-movilidad-y-aglomeraciones-al-confirmar-118-nuevos-casos-de-covid-19","status":"publish","type":"post","link":"https:\/\/www.elsinodaldetamaulipas.com.mx\/?p=63931","title":{"rendered":"EXHORTA SST A REDUCIR MOVILIDAD Y AGLOMERACIONES AL CONFIRMAR 118 NUEVOS CASOS DE COVID-19"},"content":{"rendered":"\n<p><strong>EL SINODAL DE TAMAULIPAS<\/strong><\/p>\n\n\n\n<p><strong><em>CIUDAD VICTORIA, Tamaulipas.-<\/em><\/strong> Ante la posibilidad de que en alg\u00fan momento circulen nuevas variantes de COVID-19, cada vez m\u00e1s contagiosas y de mayor riesgo para los grupos vulnerables, la secretaria de Salud de Tamaulipas, Gloria Molina Gamboa exhort\u00f3 a la ciudadan\u00eda a evitar movilizaciones innecesarias y atender las medidas de seguridad sanitaria para disminuir la cadena de transmisi\u00f3n del virus.<\/p>\n\n\n\n<p>Al presentar el avance de la pandemia en la entidad, la titular de la SST confirm\u00f3 118 nuevos casos y un fallecimiento, que en total, suman un acumulado de 59,487 positivos, de los cuales 2,360 son casos activos, &nbsp;51,782 se han recuperado y 5,345 han perdido la vida.<\/p>\n\n\n\n<p>Ante ello, Molina Gamboa fue reiterativa en su llamado a atender las medidas de prevenci\u00f3n tanto en el hogar como en la v\u00eda p\u00fablica como son el lavado correcto de manos con agua y jab\u00f3n para inactivar el virus, utilizar cubrebocas, mantener una distancia m\u00ednima de 2 metros con otras personas y evitar sitios aglomerados.<\/p>\n\n\n\n<p>Refiri\u00f3 que los nuevos casos se presentaron en estos municipios:<\/p>\n\n\n\n<div class=\"wp-block-image\"><figure class=\"aligncenter size-large\"><img loading=\"lazy\" decoding=\"async\" width=\"497\" height=\"635\" src=\"https:\/\/www.elsinodaldetamaulipas.com.mx\/wp-content\/uploads\/2021\/06\/SST-I-23.jpg\" alt=\"\" class=\"wp-image-63932\" srcset=\"https:\/\/www.elsinodaldetamaulipas.com.mx\/wp-content\/uploads\/2021\/06\/SST-I-23.jpg 497w, https:\/\/www.elsinodaldetamaulipas.com.mx\/wp-content\/uploads\/2021\/06\/SST-I-23-235x300.jpg 235w\" sizes=\"auto, (max-width: 497px) 100vw, 497px\" \/><\/figure><\/div>\n\n\n\n<p>Y que la defunci\u00f3n es la siguiente:<\/p>\n\n\n\n<div class=\"wp-block-image\"><figure class=\"aligncenter size-large\"><img loading=\"lazy\" decoding=\"async\" width=\"529\" height=\"47\" src=\"https:\/\/www.elsinodaldetamaulipas.com.mx\/wp-content\/uploads\/2021\/06\/SST-II-23.jpg\" alt=\"\" class=\"wp-image-63933\" srcset=\"https:\/\/www.elsinodaldetamaulipas.com.mx\/wp-content\/uploads\/2021\/06\/SST-II-23.jpg 529w, https:\/\/www.elsinodaldetamaulipas.com.mx\/wp-content\/uploads\/2021\/06\/SST-II-23-300x27.jpg 300w\" sizes=\"auto, (max-width: 529px) 100vw, 529px\" \/><\/figure><\/div>\n\n\n\n<p>Molina Gamboa advirti\u00f3 que durante los \u00faltimos d\u00edas se ha registrado un incremento en los casos positivos, por lo que pidi\u00f3 a toda la poblaci\u00f3n, incluidos j\u00f3venes y quienes ya est\u00e9n vacunados, a no bajar la guardia ya que la emergencia sanitaria contin\u00faa activa.<\/p>\n\n\n\n<div class=\"wp-block-image\"><figure class=\"aligncenter size-large\"><img loading=\"lazy\" decoding=\"async\" width=\"324\" height=\"640\" src=\"https:\/\/www.elsinodaldetamaulipas.com.mx\/wp-content\/uploads\/2021\/06\/SST-III.jpeg\" alt=\"\" class=\"wp-image-63934\" srcset=\"https:\/\/www.elsinodaldetamaulipas.com.mx\/wp-content\/uploads\/2021\/06\/SST-III.jpeg 324w, https:\/\/www.elsinodaldetamaulipas.com.mx\/wp-content\/uploads\/2021\/06\/SST-III-152x300.jpeg 152w\" sizes=\"auto, (max-width: 324px) 100vw, 324px\" \/><\/figure><\/div>\n","protected":false},"excerpt":{"rendered":"<p>EL SINODAL DE TAMAULIPAS CIUDAD VICTORIA, Tamaulipas.- Ante la posibilidad de que en alg\u00fan momento circulen nuevas variantes de COVID-19, cada vez m\u00e1s contagiosas y de mayor riesgo para los grupos vulnerables, la secretaria de Salud de Tamaulipas, Gloria Molina Gamboa exhort\u00f3 a la ciudadan\u00eda a evitar movilizaciones innecesarias y atender las medidas de seguridad [&hellip;]<\/p>\n","protected":false},"author":1,"featured_media":63935,"comment_status":"closed","ping_status":"closed","sticky":false,"template":"","format":"standard","meta":{"footnotes":""},"categories":[13,1,3],"tags":[],"class_list":["post-63931","post","type-post","status-publish","format-standard","has-post-thumbnail","hentry","category-gobierno","category-portada","category-tamaulipas"],"_links":{"self":[{"href":"https:\/\/www.elsinodaldetamaulipas.com.mx\/index.php?rest_route=\/wp\/v2\/posts\/63931","targetHints":{"allow":["GET"]}}],"collection":[{"href":"https:\/\/www.elsinodaldetamaulipas.com.mx\/index.php?rest_route=\/wp\/v2\/posts"}],"about":[{"href":"https:\/\/www.elsinodaldetamaulipas.com.mx\/index.php?rest_route=\/wp\/v2\/types\/post"}],"author":[{"embeddable":true,"href":"https:\/\/www.elsinodaldetamaulipas.com.mx\/index.php?rest_route=\/wp\/v2\/users\/1"}],"replies":[{"embeddable":true,"href":"https:\/\/www.elsinodaldetamaulipas.com.mx\/index.php?rest_route=%2Fwp%2Fv2%2Fcomments&post=63931"}],"version-history":[{"count":1,"href":"https:\/\/www.elsinodaldetamaulipas.com.mx\/index.php?rest_route=\/wp\/v2\/posts\/63931\/revisions"}],"predecessor-version":[{"id":63936,"href":"https:\/\/www.elsinodaldetamaulipas.com.mx\/index.php?rest_route=\/wp\/v2\/posts\/63931\/revisions\/63936"}],"wp:featuredmedia":[{"embeddable":true,"href":"https:\/\/www.elsinodaldetamaulipas.com.mx\/index.php?rest_route=\/wp\/v2\/media\/63935"}],"wp:attachment":[{"href":"https:\/\/www.elsinodaldetamaulipas.com.mx\/index.php?rest_route=%2Fwp%2Fv2%2Fmedia&parent=63931"}],"wp:term":[{"taxonomy":"category","embeddable":true,"href":"https:\/\/www.elsinodaldetamaulipas.com.mx\/index.php?rest_route=%2Fwp%2Fv2%2Fcategories&post=63931"},{"taxonomy":"post_tag","embeddable":true,"href":"https:\/\/www.elsinodaldetamaulipas.com.mx\/index.php?rest_route=%2Fwp%2Fv2%2Ftags&post=63931"}],"curies":[{"name":"wp","href":"https:\/\/api.w.org\/{rel}","templated":true}]}}