{"id":64074,"date":"2021-06-30T00:36:57","date_gmt":"2021-06-30T00:36:57","guid":{"rendered":"http:\/\/www.elsinodaldetamaulipas.com.mx\/?p=64074"},"modified":"2021-06-30T00:37:03","modified_gmt":"2021-06-30T00:37:03","slug":"agenda-fronteriza-por-humberto-gutierrez-332","status":"publish","type":"post","link":"https:\/\/www.elsinodaldetamaulipas.com.mx\/?p=64074","title":{"rendered":"AGENDA FRONTERIZA\/ POR HUMBERTO GUTIERREZ"},"content":{"rendered":"\n<p class=\"has-text-align-center\"><strong><em>CONSULTA PARA LLEVAR A JUICIO A LOS EX PRESIDENTES<\/em><\/strong><\/p>\n\n\n\n<p>Esta no es ninguna historia, ni un cuento de ciencia ficci\u00f3n. Se trata de la redacci\u00f3n de una historia que m\u00e1s parece competencia de gobernadores que hicieron de la corrupci\u00f3n e impunidad su deporte favorito.<\/p>\n\n\n\n<p>No se trata de encuerarlos para conocer lo que realmente sucedi\u00f3, se trata nada mas de buscar la verdad hist\u00f3rica para que no vuelva a repetirse.<\/p>\n\n\n\n<p>&nbsp;En los \u00faltimos 24 a\u00f1os se ha visto pasar un descomunal saqueo del erario.<\/p>\n\n\n\n<p>Esta lectura la le\u00ed en el medio Sin Embargo, el fondo conserva su esencia de esta extracto.<\/p>\n\n\n\n<p>&nbsp;El d\u00eda primero de agosto, dentro de un mes se realizar\u00e1 una consulta que ya fue publicada en el Diario Oficial de la Federaci\u00f3n para llevar a juicio a los ex presidentes.<\/p>\n\n\n\n<p>Esto como otras cosas que est\u00e1n sucediendo en M\u00e9xico es un hecho in\u00e9dito, cuyo fundamento y alcance son desestimados por la oposici\u00f3n.<\/p>\n\n\n\n<p>Pero hay que saber de qu\u00e9 se acusa a los ex presidentes.<\/p>\n\n\n\n<p>El Gobierno del Presidente, Andr\u00e9s Manuel L\u00f3pez Obrador, se encuentra en plena campa\u00f1a para promover la participaci\u00f3n en la consulta popular que se realizar\u00e1 el 1 de agosto y en la que la ciudadan\u00eda decidir\u00e1 si quiere que se juzgue o no a los expresidentes Carlos Salinas de Gortari, Ernesto Zedillo, Vicente Fox, Felipe Calder\u00f3n y Enrique Pe\u00f1a Nieto.<\/p>\n\n\n\n<p>El propio L\u00f3pez Obrador ya advirti\u00f3 que lo que est\u00e1 en juego es la posibilidad de sentar a sus antecesores en el banquillo de los acusados.<\/p>\n\n\n\n<p>Esta es la frase que vendr\u00e1 impresa en las papeletas<\/p>\n\n\n\n<p><em>\u201c\u00bfEst\u00e1s de acuerdo o no en que se lleven a cabo las acciones pertinentes, con apego al marco constitucional y legal, para emprender un proceso de esclarecimiento de las decisiones pol\u00edticas tomadas en los a\u00f1os pasados por los actores pol\u00edticos encaminado a garantizar la justicia y los derechos de las posibles v\u00edctimas?.<\/em><\/p>\n\n\n\n<p>Ton\u00b4s, hay una diferencia muy clara y a la vez produce ambig\u00fcedad entre actores pol\u00edticos y ex presidentes.<\/p>\n\n\n\n<p>Como tambi\u00e9n hay ambig\u00fcedad entre&nbsp;<em>esclarecimiento de las decisiones pol\u00edticas&nbsp;<\/em>y no a juicios en concreto.<\/p>\n\n\n\n<p>El gobierno del presidente necesitar\u00e1 37 millones de votos a favor del si, cantidad necesaria de votos para que d\u00e9 inicio a las investigaciones judiciales.<\/p>\n\n\n\n<p>Es por eso que desde las ma\u00f1aneras est\u00e1 convocando al pueblo ya que la principal intenci\u00f3n es que el pueblo sea el que mande qu\u00e9 quiere hacer con respecto a los delitos adjudicados a sus antecesores.<\/p>\n\n\n\n<p>Con esa consulta el presidente actual exhibe de cuerpo total a la clase pol\u00edtica desprestigiada por el enriquecimiento y la impunidad que ha protegido a los ex.<\/p>\n\n\n\n<p>Hasta hoy, los presidentes han sido intocables, ya que a pesar de m\u00faltiples esc\u00e1ndalos, ninguno ha sido investigado, contrario a decenas de gobernadores estatales que han sido detenidos, juzgados, condenados o est\u00e1n procesados o pr\u00f3fugos.<\/p>\n\n\n\n<p>Desde que L\u00f3pez Obrador propuso la consulta en septiembre pasado, comenzaron a enumerarse los posibles delitos que se les podr\u00edan imputar a sus predecesores.<\/p>\n\n\n\n<p>Esta semana, el Presidente fue todav\u00eda m\u00e1s expl\u00edcito. De manera general, acus\u00f3 a todos de haber saqueado el pa\u00eds al aplicar pol\u00edticas neoliberales que profundizaron la pobreza y la desigualdad.<\/p>\n\n\n\n<p>De hecho, una de las banderas adoptadas en su largo peregrinar de candidato fue por su promesa de honestidad y de combate a la corrupci\u00f3n e impunidad.<\/p>\n\n\n\n<p>A Salinas de Gortari, lo dijo el Presidente, habr\u00eda que juzgarlo porque \u201centreg\u00f3 todos los bienes de la naci\u00f3n y del pueblo de M\u00e9xico a sus allegados, as\u00ed de sencillo\u201d.<\/p>\n\n\n\n<p>Con respecto a Zedillo, quien gobern\u00f3 de 1994 a 2000, siempre arrastrar\u00e1 el llamado caso Fobaproa que implic\u00f3 la estatizaci\u00f3n de la multimillonaria deuda que el Fondo Bancario de Protecci\u00f3n al Ahorro hab\u00eda adquirido a ra\u00edz de la crisis financiera de fines de 1994; ell 60 por ciento del rescate de bancos, aseguradoras y fondos de inversi\u00f3n provino de recursos p\u00fablicos y represent\u00f3 el 14.5 por ciento del Producto Interno Bruto.<\/p>\n\n\n\n<p>El Estado tuvo que destinar alrededor de dos mil millones de d\u00f3lares a esta deuda en 2020. Y faltan cinco d\u00e9cadas m\u00e1s para terminar de saldarla.<\/p>\n\n\n\n<p>Vicente Fox es el pol\u00edtico emanado por el PAN que gan\u00f3 las elecciones de 2000 y que hizo historia al convertirse en el primer Presidente opositor al Partido Revolucionario Institucional (PRI), que hab\u00eda gobernado durante 71 a\u00f1os de manera ininterrumpida. La transformaci\u00f3n democr\u00e1tica del pa\u00eds que tanto prometi\u00f3, y que inclu\u00eda el fin de la corrupci\u00f3n, no ocurri\u00f3.<\/p>\n\n\n\n<p>Seg\u00fan L\u00f3pez Obrador, se le deber\u00eda juzgar \u201cporque enga\u00f1\u00f3 al pueblo, porque con el esfuerzo de muchos lleg\u00f3 a la Presidencia y se convirti\u00f3 en un traidor a la democracia\u201d.<\/p>\n\n\n\n<p>y por si fuera poco, Fox ha reconocido que en 2006 intervino de manera indebida para que ganara Felipe Calder\u00f3n, ya que quer\u00eda evitar a toda costa el triunfo de L\u00f3pez Obrador, quien ese a\u00f1o se postul\u00f3 por primera vez a la Presidencia.<\/p>\n\n\n\n<p>L\u00f3pez Obrador asegura que a Felipe Calder\u00f3n hay que juzgarlo por haber declarado la guerra contra el narcotr\u00e1fico sin atender las causas.<\/p>\n\n\n\n<p>Las cifras de 15 a\u00f1os de guerra le dan la raz\u00f3n: m\u00e1s de 80 mil personas desaparecidas; m\u00e1s de 350 mil asesinadas; decenas de ciudades controladas por el narcotr\u00e1fico.<\/p>\n\n\n\n<p>Con Calder\u00f3n, la empresa brasile\u00f1a Odebrecht logr\u00f3 contratos millonarios de obra p\u00fablica en M\u00e9xico a cambio de sobornos, lo que luego desembocar\u00edan en una de las causas de corrupci\u00f3n m\u00e1s importantes de los \u00faltimos a\u00f1os en Am\u00e9rica Latina.<\/p>\n\n\n\n<p>Y c\u00f3mo olvidar La estela de luz, el monumento que mand\u00f3 a construir supuestamente para conmemorar el Bicentenario de la Independencia, que termin\u00f3 convertido en un monumento a la corrupci\u00f3n.<\/p>\n\n\n\n<p>L\u00f3pez Obrador ya dijo que Pe\u00f1a Nieto debe ser juzgado por sus evidentes actos de corrupci\u00f3n. \u201cAh\u00ed est\u00e1 como testigo protegido el que estaba de director de Pemex declarando que, por \u00f3rdenes superiores, para aprobar las llamadas reformas estructurales, sobre todo la reforma energ\u00e9tica, se entregaba dinero a legisladores de los partidos que ahora son de oposici\u00f3n\u201d.<\/p>\n\n\n\n<p>&nbsp;Est\u00e1 Odebrecht, m\u00e1s las investigaciones period\u00edsticas conocidas como La Estafa Maestra y La Casa Blanca.<\/p>\n\n\n\n<p>&nbsp;M\u00e1s de 385 millones de d\u00f3lares terminaron en empresas fantasmas. Y la segunda descubri\u00f3 la irregular compra de una mansi\u00f3n a uno de los principales contratistas del Estado.<\/p>\n\n\n\n<p>Pero si hay una sombra que siempre perseguir\u00e1 a Pe\u00f1a Nieto, es la desaparici\u00f3n de los 43 estudiantes de Ayotzinapa, causa por la que, al igual que Calder\u00f3n, tambi\u00e9n se ha promovido un juicio contra Pe\u00f1a Nieto por delitos de lesa humanidad, ya que su Gobierno manipul\u00f3 la investigaci\u00f3n y difundi\u00f3 una \u201cverdad hist\u00f3rica\u201d que hoy, se ha demostrado, era mentira.<\/p>\n\n\n\n<p>Este extracto de trabajo ha sido publicado por SINEMBARGO.<\/p>\n\n\n\n<p>Mi correo:&nbsp;<a href=\"mailto:humbertografico@yahoo.com.mx\" target=\"_blank\" rel=\"noreferrer noopener\">humbertografico@yahoo.com.mx<\/a><\/p>\n","protected":false},"excerpt":{"rendered":"<p>CONSULTA PARA LLEVAR A JUICIO A LOS EX PRESIDENTES Esta no es ninguna historia, ni un cuento de ciencia ficci\u00f3n. Se trata de la redacci\u00f3n de una historia que m\u00e1s parece competencia de gobernadores que hicieron de la corrupci\u00f3n e impunidad su deporte favorito. No se trata de encuerarlos para conocer lo que realmente sucedi\u00f3, [&hellip;]<\/p>\n","protected":false},"author":1,"featured_media":0,"comment_status":"closed","ping_status":"closed","sticky":false,"template":"","format":"standard","meta":{"footnotes":""},"categories":[16],"tags":[],"class_list":["post-64074","post","type-post","status-publish","format-standard","hentry","category-opinion"],"_links":{"self":[{"href":"https:\/\/www.elsinodaldetamaulipas.com.mx\/index.php?rest_route=\/wp\/v2\/posts\/64074","targetHints":{"allow":["GET"]}}],"collection":[{"href":"https:\/\/www.elsinodaldetamaulipas.com.mx\/index.php?rest_route=\/wp\/v2\/posts"}],"about":[{"href":"https:\/\/www.elsinodaldetamaulipas.com.mx\/index.php?rest_route=\/wp\/v2\/types\/post"}],"author":[{"embeddable":true,"href":"https:\/\/www.elsinodaldetamaulipas.com.mx\/index.php?rest_route=\/wp\/v2\/users\/1"}],"replies":[{"embeddable":true,"href":"https:\/\/www.elsinodaldetamaulipas.com.mx\/index.php?rest_route=%2Fwp%2Fv2%2Fcomments&post=64074"}],"version-history":[{"count":1,"href":"https:\/\/www.elsinodaldetamaulipas.com.mx\/index.php?rest_route=\/wp\/v2\/posts\/64074\/revisions"}],"predecessor-version":[{"id":64075,"href":"https:\/\/www.elsinodaldetamaulipas.com.mx\/index.php?rest_route=\/wp\/v2\/posts\/64074\/revisions\/64075"}],"wp:attachment":[{"href":"https:\/\/www.elsinodaldetamaulipas.com.mx\/index.php?rest_route=%2Fwp%2Fv2%2Fmedia&parent=64074"}],"wp:term":[{"taxonomy":"category","embeddable":true,"href":"https:\/\/www.elsinodaldetamaulipas.com.mx\/index.php?rest_route=%2Fwp%2Fv2%2Fcategories&post=64074"},{"taxonomy":"post_tag","embeddable":true,"href":"https:\/\/www.elsinodaldetamaulipas.com.mx\/index.php?rest_route=%2Fwp%2Fv2%2Ftags&post=64074"}],"curies":[{"name":"wp","href":"https:\/\/api.w.org\/{rel}","templated":true}]}}