{"id":66938,"date":"2021-07-27T22:09:01","date_gmt":"2021-07-27T22:09:01","guid":{"rendered":"http:\/\/www.elsinodaldetamaulipas.com.mx\/?p=66938"},"modified":"2021-07-27T22:09:11","modified_gmt":"2021-07-27T22:09:11","slug":"calendario-escolar-2021-20222-educacion-normal","status":"publish","type":"post","link":"https:\/\/www.elsinodaldetamaulipas.com.mx\/?p=66938","title":{"rendered":"CALENDARIO ESCOLAR 2021-20222: EDUCACI\u00d3N NORMAL"},"content":{"rendered":"\n<p><strong>EL SINODAL DE TAMAULIPAS<\/strong><\/p>\n\n\n\n<p><em><strong>Ciudad Victoria, Tam.-<\/strong><\/em>&nbsp;El Gobierno del Estado de Tamaulipas a trav\u00e9s de la Secretar\u00eda de Educaci\u00f3n da a conocer el Calendario Escolar 2021-2022 para Educaci\u00f3n Normal, vigente para las escuelas p\u00fablicas y particulares incorporadas al Sistema Educativo Nacional.<\/p>\n\n\n\n<p>Cons\u00faltalo en la siguiente liga:&nbsp;&nbsp;<br>https:\/\/www.tamaulipas.gob.mx\/educacion\/normal-calendario-escolar-2021-2022\/<\/p>\n","protected":false},"excerpt":{"rendered":"<p>EL SINODAL DE TAMAULIPAS Ciudad Victoria, Tam.-&nbsp;El Gobierno del Estado de Tamaulipas a trav\u00e9s de la Secretar\u00eda de Educaci\u00f3n da a conocer el Calendario Escolar 2021-2022 para Educaci\u00f3n Normal, vigente para las escuelas p\u00fablicas y particulares incorporadas al Sistema Educativo Nacional. Cons\u00faltalo en la siguiente liga:&nbsp;&nbsp;https:\/\/www.tamaulipas.gob.mx\/educacion\/normal-calendario-escolar-2021-2022\/<\/p>\n","protected":false},"author":1,"featured_media":66939,"comment_status":"closed","ping_status":"closed","sticky":false,"template":"","format":"standard","meta":{"footnotes":""},"categories":[13,3],"tags":[],"class_list":["post-66938","post","type-post","status-publish","format-standard","has-post-thumbnail","hentry","category-gobierno","category-tamaulipas"],"_links":{"self":[{"href":"https:\/\/www.elsinodaldetamaulipas.com.mx\/index.php?rest_route=\/wp\/v2\/posts\/66938","targetHints":{"allow":["GET"]}}],"collection":[{"href":"https:\/\/www.elsinodaldetamaulipas.com.mx\/index.php?rest_route=\/wp\/v2\/posts"}],"about":[{"href":"https:\/\/www.elsinodaldetamaulipas.com.mx\/index.php?rest_route=\/wp\/v2\/types\/post"}],"author":[{"embeddable":true,"href":"https:\/\/www.elsinodaldetamaulipas.com.mx\/index.php?rest_route=\/wp\/v2\/users\/1"}],"replies":[{"embeddable":true,"href":"https:\/\/www.elsinodaldetamaulipas.com.mx\/index.php?rest_route=%2Fwp%2Fv2%2Fcomments&post=66938"}],"version-history":[{"count":1,"href":"https:\/\/www.elsinodaldetamaulipas.com.mx\/index.php?rest_route=\/wp\/v2\/posts\/66938\/revisions"}],"predecessor-version":[{"id":66940,"href":"https:\/\/www.elsinodaldetamaulipas.com.mx\/index.php?rest_route=\/wp\/v2\/posts\/66938\/revisions\/66940"}],"wp:featuredmedia":[{"embeddable":true,"href":"https:\/\/www.elsinodaldetamaulipas.com.mx\/index.php?rest_route=\/wp\/v2\/media\/66939"}],"wp:attachment":[{"href":"https:\/\/www.elsinodaldetamaulipas.com.mx\/index.php?rest_route=%2Fwp%2Fv2%2Fmedia&parent=66938"}],"wp:term":[{"taxonomy":"category","embeddable":true,"href":"https:\/\/www.elsinodaldetamaulipas.com.mx\/index.php?rest_route=%2Fwp%2Fv2%2Fcategories&post=66938"},{"taxonomy":"post_tag","embeddable":true,"href":"https:\/\/www.elsinodaldetamaulipas.com.mx\/index.php?rest_route=%2Fwp%2Fv2%2Ftags&post=66938"}],"curies":[{"name":"wp","href":"https:\/\/api.w.org\/{rel}","templated":true}]}}