{"id":66941,"date":"2021-07-27T22:59:11","date_gmt":"2021-07-27T22:59:11","guid":{"rendered":"http:\/\/www.elsinodaldetamaulipas.com.mx\/?p=66941"},"modified":"2021-07-27T22:59:16","modified_gmt":"2021-07-27T22:59:16","slug":"aqui-rio-bravo-por-daniel-enrique-romero-aleman-182","status":"publish","type":"post","link":"https:\/\/www.elsinodaldetamaulipas.com.mx\/?p=66941","title":{"rendered":"AQU\u00cd R\u00cdO BRAVO\/ Por Daniel Enrique ROMERO ALEM\u00c1N"},"content":{"rendered":"\n<p class=\"has-text-align-center\"><strong><em>TODO PARA CUBA, Y NADA PARA TAMAULIPAS<\/em><\/strong>&nbsp;<\/p>\n\n\n\n<p>Definitivamente esa consulta popular millonaria que pondr\u00e1 en pr\u00e1ctica el pr\u00f3ximo domingo la apodada Cuarta Transformaci\u00f3n, no est\u00e1 que digamos entusiasmando a muchos.&nbsp;<\/p>\n\n\n\n<p>En mi numerosa familia que son muy dados a salir a votar saben que se dar\u00e1 una consulta popular para enjuiciar a los expresidentes de la rep\u00fablica, pero no se han entusiasmado como para preguntar en donde les tocar\u00e1 emitir su opini\u00f3n, como ocurre cuando son las elecciones constitucionales. &nbsp;<\/p>\n\n\n\n<p>Y me atrevo a decir: Y as\u00ed muchos millones de mexicanos andan en ese mismo tenor.&nbsp;<\/p>\n\n\n\n<p>Apuesto tronchado que no saldr\u00e1 ni tan siquiera un 30 por ciento del padr\u00f3n electoral, se necesita el 40 por ciento para que dicha consulta valga.&nbsp;<\/p>\n\n\n\n<p>En sus participaciones period\u00edsticas de todos los lunes por un lado la futura diputada federal MARGARITA ZAVALA, la calific\u00f3 de infame, una y otra vez. &nbsp;<\/p>\n\n\n\n<p>Y remat\u00f3 su art\u00edculo period\u00edstico: \u201cLa consulta es una farsa, es una infamia porque es un acto vil, malvado y deshonroso sobre todo para quien la promovi\u00f3\u201d.&nbsp;<\/p>\n\n\n\n<p>Mientras que el futuro candidato a la presidencia de la rep\u00fablica y que actualmente cobra como senador RICARDO MONREAL, hizo un art\u00edculo en donde rese\u00f1a las diferentes consultas que se han dado en el mundo.&nbsp;<\/p>\n\n\n\n<p>Y no se siente tan entusiasmado, y se atreve a decir que se ha desgastado el proceso y que por ello no habr\u00e1 mucha participaci\u00f3n el pr\u00f3ximo domingo primero de agosto; y no anda tan err\u00f3neo.&nbsp;<\/p>\n\n\n\n<p>Por eso escribi\u00f3: \u201cPor eso, independientemente del resultado, el pr\u00f3ximo primero de agosto M\u00e9xico dar\u00e1 el paso inicial hacia la consolidaci\u00f3n de nuevos mecanismos para la construcci\u00f3n de una aut\u00e9ntica democracia, en que la ciudadan\u00eda ser\u00e1 protagonista de las decisiones p\u00fablicas y no simple espectadora\u201d.&nbsp;<\/p>\n\n\n\n<p>Le apuesto a Monreal que el muy democr\u00e1tico ARMANDO FUENTES AGUIRRE, mejor conocido como \u201cCat\u00f3n\u201d, no va a participar en este infame consulta, como la calific\u00f3 la se\u00f1ora Zavala.&nbsp;<\/p>\n\n\n\n<p>Y me atrevo a adelantar que el fracaso en dicha consulta popular se lo van atribuir al Instituto Nacional Electoral, para de una vez por todas desaparecerlo aquel que les platiqu\u00e9.&nbsp;<\/p>\n\n\n\n<p>Por cierto, el presidente de la rep\u00fablica ANDR\u00c9S MANUEL L\u00d3PEZ OBRADOR, dijo, como respondiendo a Monreal, que no hay que adelantar v\u00edsperas.&nbsp;<\/p>\n\n\n\n<p>As\u00ed lo extern\u00f3: \u201cEs muy importante participar, y la gente siempre quiere ser tomada en cuenta, todos los mexicanos, eso es muy importante, de modo que no hay que adelantar v\u00edsperas porque la gente puede salir a ejercer sus derechos, la gente quiere democracia participativa, no s\u00f3lo la representativa de ir cada seis a\u00f1os a votar\u201d.&nbsp;<\/p>\n\n\n\n<p>Y sobre su pron\u00f3stico, manifest\u00f3 que habr\u00e1 participaci\u00f3n y que la gente salga a ejercer sus derechos.&nbsp;<\/p>\n\n\n\n<p>La ma\u00f1ana de este martes se hizo un ejercicio sobre la consulta entre los integrantes del \u201cG-6\u201d, tres dijeron que, si ir\u00edan a votar, dos indecisos y uno que no; el compa\u00f1ero NAH\u00daM RIVERA, ausente, ya que la cuerdita anda de vacaciones por su natal Veracruz.&nbsp;<\/p>\n\n\n\n<p>El \u201cG-6\u201d, fue apapachado este d\u00eda con un almuerzo en al restaurante propiedad del l\u00edder del sector popular del Partido Revolucionario Institucional RUB\u00c9N L\u00d3PEZ, por parte de la Titular de la Direcci\u00f3n Municipal de Compras ISABEL DOM\u00cdNGUEZ D\u00cdAZ.&nbsp;<\/p>\n\n\n\n<p>Una excelente charla y mejor almuerzo.&nbsp;<\/p>\n\n\n\n<p>A lo mejor el \u201cG-6\u201d se convierte en \u201cG-7\u201d, incorporando a la maestra Isabel una vez que termin\u00e9 su encomienda en la Direcci\u00f3n Municipal de Compras; la votaci\u00f3n ser\u00eda un\u00e1nime.&nbsp;<\/p>\n\n\n\n<p>VAYA QUE respondi\u00f3 la chamacada a la jornada de vacunaci\u00f3n anticovid que se inici\u00f3 a partir de este martes en los municipios de Nuevo Laredo, Matamoros y Reynosa.&nbsp;<\/p>\n\n\n\n<p>Fueron largas las filas que se vieron, lo que habla de que no hay apat\u00eda por parte de la juventud, y eso es importante sobre todo ahorita que la pandemia les est\u00e1 pegando a ellos.&nbsp;<\/p>\n\n\n\n<p>El jueves le toca a mi querido y adorado pueblo y estos ser\u00e1n los rangos a partir del jueves: 18-24, 25-31 y 32-39, a este \u00faltimo rango como que le cargaron la mano.&nbsp;<\/p>\n\n\n\n<p>Si todo sale como lo tiene pensando el delegado JOS\u00c9 RAM\u00d3N G\u00d3MEZ LEAL, se van a vacunar 598, 612 personas entre la regi\u00f3n norte y el llamado \u201cAltiplano\u201d.&nbsp;<\/p>\n\n\n\n<p>LUTO EN la Direcci\u00f3n Municipal de Comunicaci\u00f3n Social de Suelo Matamorense que titula MIGUEL GARAY, por el fallecimiento del camar\u00f3grafo V\u00cdCTOR LOERA SOL\u00cdS.&nbsp;<\/p>\n\n\n\n<p>Descanse en paz V\u00edctor. &nbsp;<\/p>\n\n\n\n<p>SI ASI de r\u00e1pido fuera la ayuda del Gobierno Federal, como est\u00e1 haci\u00e9ndolo con Cuba, para las familias de Matamoros y Reynosa que perdieron todo a ra\u00edz de las lluvias intensas que se dejaron sentir en lo que va del mes, otra cosa ser\u00eda.&nbsp;<\/p>\n\n\n\n<p>Ante el nulo apoyo de la Federaci\u00f3n para las familias que han resultado afectadas, y que por m\u00e1s ayuda que les prometen nom\u00e1s no llega, es dif\u00edcil que vayan a salir a votar en la consulta popular.&nbsp;<\/p>\n\n\n\n<p>Tarde que temprano los Tamaulipecos le van a voltear la cara al presidente L\u00f3pez, porque ha sido grosero con ellos, pues pese a tener necesidades apremiantes nom\u00e1s no las atiende.&nbsp;<\/p>\n\n\n\n<p>Todo para Cuba y nada para Tamaulipas, que b\u00e1rbaro mi presidente L\u00f3pez.&nbsp;<\/p>\n\n\n\n<p>DESCONOCEMOS que tan cierto sea que exista ese semanario que realiz\u00f3 una encuesta sobre las preferencias ciudadanas sobre los prospectos de Morena a la candidatura a la gubernatura.&nbsp;<\/p>\n\n\n\n<p>Pero lo interesante de ello es que el expresidente municipal de Suelo Neolaredense CARLOS ENRIQUE CANT\u00daROSAS VILLARREAL, pint\u00f3, y muy por arriba de los que se han venido mencionando y que pr\u00e1cticamente han andado en campa\u00f1a desde hace mucho tiempo con cualquier pretexto.&nbsp;<\/p>\n\n\n\n<p>Doblete\u00f3 al senador AM\u00c9RICO VILLARREAL ANAYA; un poco arriba del diputado federal ERASMO GONZ\u00c1LEZ ROBLEDO; y muy por encima de H\u00c9CTOR MART\u00cdN \u201cEl Guas\u00f3n\u201d GARZA GONZ\u00c1LEZ, que ha recorrido la entidad desde que lo hicieron funcionario federal y nom\u00e1s no levanta. &nbsp;<\/p>\n\n\n\n<p>Esa estad\u00edstica se public\u00f3 en Facebook y la levant\u00f3 un semanario denominado \u201cProgreso\u201d.&nbsp;<\/p>\n\n\n\n<p>EN ASUNTOS meramente deportivos: Afirma la leyenda urbana que lo que mal empieza mal acaba.&nbsp;<\/p>\n\n\n\n<p>Los aficionados que le van al Cruz Azul, esperan que esto no se cumpla despu\u00e9s de que los vigentes campeones cayeron en la apertura del torneo de la Liga Mexicana de F\u00fatbol ante un d\u00e9bil Mazatl\u00e1n.&nbsp;<\/p>\n\n\n\n<p>Aunque \u201cLa m\u00e1quina\u201d tiene un buen pretexto para justificar su derrota ya que muchos de sus titulares andan en otros compromisos.&nbsp;<\/p>\n\n\n\n<p>ESTE mi\u00e9rcoles llega a un a\u00f1o m\u00e1s de vida quien fuera un buen jugador en el b\u00e1squetbol Riobravense H\u00c9CTOR \u201cEl Chamarro\u201d ORTIZ.&nbsp;<\/p>\n\n\n\n<p>Es el aniversario sacerdotal del presb\u00edtero JES\u00daS CANO TORRES, al que conocimos en Suelo Matamorense, de gratos recuerdos; ahora en Suelo Reynosense.&nbsp;<\/p>\n\n\n\n<p>Un monumental abrazo y que vengan muchos m\u00e1s.&nbsp;<\/p>\n\n\n\n<p>TERMINAMOS, PERO VOLVEREMOS\u2026D\u2026M\u2026&nbsp;<\/p>\n\n\n\n<p>Correo electr\u00f3nico: barre283@hotmail.com&nbsp;<\/p>\n","protected":false},"excerpt":{"rendered":"<p>TODO PARA CUBA, Y NADA PARA TAMAULIPAS&nbsp; Definitivamente esa consulta popular millonaria que pondr\u00e1 en pr\u00e1ctica el pr\u00f3ximo domingo la apodada Cuarta Transformaci\u00f3n, no est\u00e1 que digamos entusiasmando a muchos.&nbsp; En mi numerosa familia que son muy dados a salir a votar saben que se dar\u00e1 una consulta popular para enjuiciar a los expresidentes de [&hellip;]<\/p>\n","protected":false},"author":1,"featured_media":33322,"comment_status":"closed","ping_status":"closed","sticky":false,"template":"","format":"standard","meta":{"footnotes":""},"categories":[16],"tags":[],"class_list":["post-66941","post","type-post","status-publish","format-standard","has-post-thumbnail","hentry","category-opinion"],"_links":{"self":[{"href":"https:\/\/www.elsinodaldetamaulipas.com.mx\/index.php?rest_route=\/wp\/v2\/posts\/66941","targetHints":{"allow":["GET"]}}],"collection":[{"href":"https:\/\/www.elsinodaldetamaulipas.com.mx\/index.php?rest_route=\/wp\/v2\/posts"}],"about":[{"href":"https:\/\/www.elsinodaldetamaulipas.com.mx\/index.php?rest_route=\/wp\/v2\/types\/post"}],"author":[{"embeddable":true,"href":"https:\/\/www.elsinodaldetamaulipas.com.mx\/index.php?rest_route=\/wp\/v2\/users\/1"}],"replies":[{"embeddable":true,"href":"https:\/\/www.elsinodaldetamaulipas.com.mx\/index.php?rest_route=%2Fwp%2Fv2%2Fcomments&post=66941"}],"version-history":[{"count":1,"href":"https:\/\/www.elsinodaldetamaulipas.com.mx\/index.php?rest_route=\/wp\/v2\/posts\/66941\/revisions"}],"predecessor-version":[{"id":66942,"href":"https:\/\/www.elsinodaldetamaulipas.com.mx\/index.php?rest_route=\/wp\/v2\/posts\/66941\/revisions\/66942"}],"wp:featuredmedia":[{"embeddable":true,"href":"https:\/\/www.elsinodaldetamaulipas.com.mx\/index.php?rest_route=\/wp\/v2\/media\/33322"}],"wp:attachment":[{"href":"https:\/\/www.elsinodaldetamaulipas.com.mx\/index.php?rest_route=%2Fwp%2Fv2%2Fmedia&parent=66941"}],"wp:term":[{"taxonomy":"category","embeddable":true,"href":"https:\/\/www.elsinodaldetamaulipas.com.mx\/index.php?rest_route=%2Fwp%2Fv2%2Fcategories&post=66941"},{"taxonomy":"post_tag","embeddable":true,"href":"https:\/\/www.elsinodaldetamaulipas.com.mx\/index.php?rest_route=%2Fwp%2Fv2%2Ftags&post=66941"}],"curies":[{"name":"wp","href":"https:\/\/api.w.org\/{rel}","templated":true}]}}