{"id":67600,"date":"2021-08-04T07:27:45","date_gmt":"2021-08-04T07:27:45","guid":{"rendered":"http:\/\/www.elsinodaldetamaulipas.com.mx\/?p=67600"},"modified":"2021-08-04T07:27:49","modified_gmt":"2021-08-04T07:27:49","slug":"teclazos-por-guadalupe-e-gonzalez-328","status":"publish","type":"post","link":"https:\/\/www.elsinodaldetamaulipas.com.mx\/?p=67600","title":{"rendered":"TECLAZOS\/ Por Guadalupe E. Gonz\u00e1lez"},"content":{"rendered":"\n<ul class=\"wp-block-list\"><li><strong><em>REFRENDA RAMIRO RAMOS, IR POR LA GUBERNATURA\u2026.!<\/em><\/strong><\/li><li><strong><em>PRI SE REPOSICIONA Y ESO NOS FORTALCE, PERO ADMITE QUE, \u201cLA ALIANZA CON EL PAN\u201d, LOS LLEVAR\u00cdA AL TRIUNFO.<\/em><\/strong><\/li><\/ul>\n\n\n\n<p>EL NEOLAREDENSE Ramiro Ramos Salinas, refrend\u00f3 ayer aqu\u00ed en Reynosa \u201cir por la Gubernatura de Tamaulipas en el 2022\u201d, aludiendo \u201cle gustar\u00eda ir solo\u201d, pero como eso \u201clo deciden las c\u00fapulas nacionales\u201d, se sumar\u00eda al proyecto que defina su partido (el PRI), \u201cpero ah\u00ed estaremos\u201d, de cuya cuesti\u00f3n dijo no tener la menor duda, porque, las cosas para el priismo tamaulipeco, van por &nbsp;buen camino y si \u201chay alianza con el PAN, iremos al triunfo\u201d, por la vital aportaci\u00f3n del capital pol\u00edtico que el Revolucionario Institucional, aun sostiene en toda la geograf\u00eda estatal.<\/p>\n\n\n\n<p>REMARC\u00d3 luego que, tras reunirse con sus compa\u00f1eros de Partido, \u201clos invit\u00f3 a unirse y ser competitivos el pr\u00f3ximo a\u00f1o\u201d, porque por primera vez en la historia pol\u00edtica de Tamaulipas, \u201cvamos a tener una sola elecci\u00f3n\u201d que es la de Gobernador, es decir sin alcaldes, ni diputados y por ende, \u201cser\u00e1 una campa\u00f1a muy personalizada\u201d<\/p>\n\n\n\n<p>Y EN ESA competencia, el ex Presidente del Congreso de Tamaulipas Ramiro Ramos dijo ver que, cualquiera de los que tenemos inter\u00e9s, podemos participar y ganar, porque esto a\u00fan no est\u00e1 decidido, aludiendo ver en este escenario, un estado que, va a analizar muchas variantes y si nosotros como Partido, hacemos buen trabajo, tengan la certeza que \u201cpodremos dar la pelea\u201d para triunfar, de cuya cuesti\u00f3n dijo no tener la menor duda.<\/p>\n\n\n\n<p>SIN EMBARGO, en otra parte de su mensaje, el prisita aspirante a Gobernar Tamaulipas Ramos Salinas, dijo \u201cno tener ambici\u00f3n, ni obsesi\u00f3n de ser el candidato\u201d. Porque si hay alguien de sus compa\u00f1eros que tenga m\u00e1s capacidad de competencia y \u201cmayor intenci\u00f3n del voto que un servidor\u201d, ceder\u00eda el espacio para apoyarlo, demostrando con &nbsp;esta exposici\u00f3n, que, su inter\u00e9s de participar, en pos de la gubernatura, es para consolidar el reposicionamiento que se vislumbra en las filas del Revolucionario Institucional.<\/p>\n\n\n\n<p>EL EX DIPUTADO, aclar\u00f3 tambi\u00e9n no andar buscando trabajo, porque trabajo tiene, sino que anda buscando aportar su experiencia y capacidad pol\u00edtica, para transformar el estado y m\u00e1s ahora que, \u201cvemos que en el PRI, hay rasgos de gran valor pol\u00edtico y social\u201d, para reconstruir al partido y naturalmente, recuperar el posicionamiento que ante los tamaulipecos, el tricolor por muchos a\u00f1os tuvo y lo seguiremos teniendo, recalc\u00f3.<\/p>\n\n\n\n<p>RAMIRO RAMOS dijo que a\u00fan hoy en d\u00eda, \u201cprevalecen las imborrables huellas de apoyo a la educaci\u00f3n, la salud, las inversiones y un sin fin de beneficios que en el pa\u00eds persisten\u201d, gracias a&nbsp; la atingencia y perseverancia con la que el PRI obr\u00f3 en su momento, para que esos beneficios de gran valor, sigan siendo de tangible apoyo a&nbsp; las familias de todos los estratos sociales y esto, a lo que aqu\u00ed hago hincapi\u00e9, dijo, est\u00e1 a la vista de los tamaulipecos. Y por esta raz\u00f3n, si se dan las condiciones en el Estado que bueno y sino, seguir\u00e9 adelante, para estar en el espacio pol\u00edtico y ser tomado en cuenta.<\/p>\n\n\n\n<p>AL REFERIRSE A Edgar Melhem, el ex legislador Neolaredense dijo que, a \u00e9l le corresponde una Presidencia de tres a\u00f1os, como a Alejandro Moreno, tambi\u00e9n le corresponde una dirigencia de cuatro a\u00f1os, puntualizando que, en esto lo conveniente, \u201ces no andar cambiando de dirigentes\u201d, porque eso impide que se le d\u00e9 seguimiento a los proyectos partidistas, y todo ello, es porque somos un partido que necesita de mucho trabajo, de mucha reposici\u00f3n en territorio y en eso tenemos que seguir trabajando.<\/p>\n\n\n\n<p>PORQUE adem\u00e1s en el Partido, tenemos que abrir el abanico e ir a las agrupaciones de la sociedad civil, hacer m\u00e1s militancia, m\u00e1s presencia y darle m\u00e1s espacios a los j\u00f3venes y por ello remarc\u00f3 que, \u201cojal\u00e1 en el PRI, se tome la mejor decisi\u00f3n\u201d.<\/p>\n\n\n\n<p>EXPRES\u00d3 QUE para ir por la gubernatura el pr\u00f3ximo a\u00f1o, \u201cen el PRI, si ve a un partido ganador,\u201d porque solos tienen la capacidad de triunfar, porque al ser un partido de centro izquierda, somos el organismo pol\u00edtico del an\u00e1lisis, la reflexi\u00f3n, la preparaci\u00f3n y somos, los actores de las mejores pol\u00edticas p\u00fablicas, porque ni Morena, ni Acci\u00f3n Nacional, han creado alguna instituci\u00f3n, han hecho programas, pero realmente \u201cno han creado nada\u201d en comparaci\u00f3n a lo logrado por el PRI, porque ellos, no tienen esa visi\u00f3n.<\/p>\n\n\n\n<p>RECONOCI\u00d3 el ex Jefe de la Junta de Coordinaci\u00f3n Pol\u00edtica del Congreso del Estado&nbsp; Ramiro Ramos que, Morena en todo el pa\u00eds, por ser el partido en el Gobierno, tiene una presencia y una buena intenci\u00f3n del voto, pero ya han tenido varios fracasos, como haber perdido Nuevo Le\u00f3n, San Luis y \u201cla consulta del domingo, tambi\u00e9n dej\u00f3 entrever que fue un fracaso, m\u00e1s por haber obtenido solo el 7% de la votaci\u00f3n en todo M\u00e9xico y eso confirma que Morena, va en declive, cuyo tema ya se soslaya en toda la geograf\u00eda nacional, porque Morena, dijo, no tiene o no cuenta una s\u00f3lida estructura partidista.<\/p>\n\n\n\n<p>EN VALLE HERMOSO, HAY NUEVO PRESIDENTE MUNICIPAL<\/p>\n\n\n\n<p>CARLOS ALBERTO Salinas Garza, quien se ven\u00eda desempe\u00f1ando como Contralor Municipal, ayer sustituy\u00f3 en la Presidencia Municipal de Valle hermoso al titular Gerardo Aldape Ballesteros, el que dijo ir\u00eda a un cargo estatal, cuya determinaci\u00f3n se acord\u00f3 en la sesi\u00f3n de cabildo, desarrollada ayer alrededor de las 5 de la tarde en aquel municipio.<\/p>\n\n\n\n<p>GERARDO ALDAPE, todo el tiempo ha sido un sujeto visceral, vivales y oportunista, porque siempre abus\u00f3 del poder pol\u00edtico que tuvo en sus manos y aun as\u00ed, este perverso sujeto de baja calidad moral, seguir\u00e1 en el escenario pol\u00edtico, pero aluden que \u201cno ser\u00e1 por mucho tiempo\u201d, porque hay temas financieros muy comprometedores que, por supuesto ha dejado ultra mega pendientes, a los que por obviedad, Gerardo, tendr\u00e1 que responder. Y de ello aqu\u00ed seguiremos dando amplia cuenta.<\/p>\n\n\n\n<p>SIN OLVIDAR que, entre los corruptos funcionarios de la actual administraci\u00f3n municipal de Valle hermoso, tambi\u00e9n se se\u00f1ala con \u00edndice de fuego, al matamorense \u201cque manda bendiciones a todo mundo\u201d, me refiero al Secretario del Ayuntamiento Manuel Cuauht\u00e9moc&nbsp; Perusquia, \u201cel falso monaguillo\u201d del que se sabe, ha amasado considerable fortuna, por haber sido el asesor y consejero de Gerardo Aldape.&nbsp;&nbsp;<\/p>\n\n\n\n<p>LO BUENO es que la sociedad vallehermosense, al fin va a descansar de Gerardo Aldape, esperando que el sustituto Carlos Alberto Salinas Garza, haga un mejor papel que, el que hizo el ya retirado de la administraci\u00f3n (por haber pedido licencia), pero en fin, estaremos al pendiente de lo bueno y lo malo de lo que haga el sucesor del vivales de Gerardo Aldape Ballesteros.<\/p>\n\n\n\n<p>Por hoy es todo y hasta ma\u00f1ana.<\/p>\n\n\n\n<p>Para sugerencias y puntos de vista en general al email:<\/p>\n\n\n\n<p>lupeernesto@yahoo.com.mx<\/p>\n","protected":false},"excerpt":{"rendered":"<p>REFRENDA RAMIRO RAMOS, IR POR LA GUBERNATURA\u2026.! PRI SE REPOSICIONA Y ESO NOS FORTALCE, PERO ADMITE QUE, \u201cLA ALIANZA CON EL PAN\u201d, LOS LLEVAR\u00cdA AL TRIUNFO. EL NEOLAREDENSE Ramiro Ramos Salinas, refrend\u00f3 ayer aqu\u00ed en Reynosa \u201cir por la Gubernatura de Tamaulipas en el 2022\u201d, aludiendo \u201cle gustar\u00eda ir solo\u201d, pero como eso \u201clo deciden [&hellip;]<\/p>\n","protected":false},"author":1,"featured_media":67601,"comment_status":"closed","ping_status":"closed","sticky":false,"template":"","format":"standard","meta":{"footnotes":""},"categories":[16],"tags":[],"class_list":["post-67600","post","type-post","status-publish","format-standard","has-post-thumbnail","hentry","category-opinion"],"_links":{"self":[{"href":"https:\/\/www.elsinodaldetamaulipas.com.mx\/index.php?rest_route=\/wp\/v2\/posts\/67600","targetHints":{"allow":["GET"]}}],"collection":[{"href":"https:\/\/www.elsinodaldetamaulipas.com.mx\/index.php?rest_route=\/wp\/v2\/posts"}],"about":[{"href":"https:\/\/www.elsinodaldetamaulipas.com.mx\/index.php?rest_route=\/wp\/v2\/types\/post"}],"author":[{"embeddable":true,"href":"https:\/\/www.elsinodaldetamaulipas.com.mx\/index.php?rest_route=\/wp\/v2\/users\/1"}],"replies":[{"embeddable":true,"href":"https:\/\/www.elsinodaldetamaulipas.com.mx\/index.php?rest_route=%2Fwp%2Fv2%2Fcomments&post=67600"}],"version-history":[{"count":1,"href":"https:\/\/www.elsinodaldetamaulipas.com.mx\/index.php?rest_route=\/wp\/v2\/posts\/67600\/revisions"}],"predecessor-version":[{"id":67602,"href":"https:\/\/www.elsinodaldetamaulipas.com.mx\/index.php?rest_route=\/wp\/v2\/posts\/67600\/revisions\/67602"}],"wp:featuredmedia":[{"embeddable":true,"href":"https:\/\/www.elsinodaldetamaulipas.com.mx\/index.php?rest_route=\/wp\/v2\/media\/67601"}],"wp:attachment":[{"href":"https:\/\/www.elsinodaldetamaulipas.com.mx\/index.php?rest_route=%2Fwp%2Fv2%2Fmedia&parent=67600"}],"wp:term":[{"taxonomy":"category","embeddable":true,"href":"https:\/\/www.elsinodaldetamaulipas.com.mx\/index.php?rest_route=%2Fwp%2Fv2%2Fcategories&post=67600"},{"taxonomy":"post_tag","embeddable":true,"href":"https:\/\/www.elsinodaldetamaulipas.com.mx\/index.php?rest_route=%2Fwp%2Fv2%2Ftags&post=67600"}],"curies":[{"name":"wp","href":"https:\/\/api.w.org\/{rel}","templated":true}]}}