{"id":73288,"date":"2021-09-25T04:16:12","date_gmt":"2021-09-25T04:16:12","guid":{"rendered":"http:\/\/www.elsinodaldetamaulipas.com.mx\/?p=73288"},"modified":"2021-09-25T04:16:18","modified_gmt":"2021-09-25T04:16:18","slug":"pasado-meridiano-por-gricelda-guerra-romero-134","status":"publish","type":"post","link":"https:\/\/www.elsinodaldetamaulipas.com.mx\/?p=73288","title":{"rendered":"PASADO MERIDIANO\/ POR GRICELDA GUERRA ROMERO"},"content":{"rendered":"\n<p class=\"has-text-align-center\"><strong><em>La paseada de Arturo Diez\u00a0<\/em><\/strong><\/p>\n\n\n\n<p>Anduvo por tierras matamorenses quien, si otra cosa no sucede, se convertir\u00e1 en el candidato del Partido Movimiento Ciudadano a la gubernatura de Tamaulipas, el ex priista y ex alcalde de Ciudad Victoria Arturo Diez Guti\u00e9rrez, todo para irse dejando ver, sobre todo que lo vean los medios de comunicaci\u00f3n.&nbsp;<\/p>\n\n\n\n<p>Pues bien, en este encuentro el aspirante a candidato, en esta gira de trabajo aprovecho para reunirse con empresarios locales, aunque debido a que debe esperar los tiempos electorales, Diez Guti\u00e9rrez prefiri\u00f3 no hablar mucho sobre el tema.&nbsp;<\/p>\n\n\n\n<p>Claro que como suele suceder con estos aspirantes a la gubernatura, se dijo muy preocupado por los j\u00f3venes, y que el tema de seguridad es una prioridad.&nbsp;<\/p>\n\n\n\n<p>Total, no hubo nada nuevo bajo el sol, hizo lo que el resto suele hacer decirse preocupado por la ciudadan\u00eda, por el problema de las Comapas, la inseguridad bla, bla, bla, bla, bla, bla.&nbsp;<\/p>\n\n\n\n<p>Diez Guti\u00e9rrez se dice seguro de que Movimiento Ciudadano gane Tamaulipas, como sucedi\u00f3 en Nuevo Le\u00f3n y otros estados que han sumado a su causa.&nbsp;<\/p>\n\n\n\n<p>Aunque diga que el pr\u00f3ximo gobernador de Tamaulipas ser\u00e1 de Movimiento Ciudadano, tal como paso en Nuevo Le\u00f3n, pues no hay punto de comparaci\u00f3n con Samuel Garc\u00eda, que a decir verdad mucho tuvo que ver su esposa Mariana y la campa\u00f1a emprendida en redes sociales, por lo que se pone en duda que Diez Guti\u00e9rrez pueda igualar una campa\u00f1a as\u00ed.&nbsp;<\/p>\n\n\n\n<p>Por otro lado, gobiernos municipales se encuentran ultimando detalles para las tomas de posesi\u00f3n, tal es el caso de Ciudad Victoria donde la noche del pr\u00f3ximo 30 de septiembre rendir\u00e1 protesta Eduardo Gattas en la explanada de la Presidencia Municipal, as\u00ed fue el acuerdo en la sesi\u00f3n de cabildo, celebrada este viernes en la ma\u00f1ana.&nbsp;<\/p>\n\n\n\n<p>Previamente se Gattas hab\u00eda solicitado algunos cambios al organigrama del ayuntamiento, por lo que las funciones de la direcci\u00f3n de Administraci\u00f3n y Finanzas pasaran a la nueva Oficial\u00eda Mayor y Tesorer\u00eda.&nbsp;<\/p>\n\n\n\n<p>En tanto el Departamento Jur\u00eddico regresa al control de la Secretaria del Ayuntamiento, y la coordinaci\u00f3n de Protecci\u00f3n Civil sube al rango de Direcci\u00f3n.&nbsp;<\/p>\n\n\n\n<p>Y por \u00faltimo la Direcci\u00f3n de Comunicaci\u00f3n Social, cambia se nombre al de Imagen Institucional.&nbsp;<\/p>\n\n\n\n<p>En tanto en Matamoros el alcalde Mario L\u00f3pez se prepara para la ceremonia, en la que habr\u00e1 de rendir protesta por otros 3 a\u00f1os m\u00e1s, en lo que esto pasada siguen los cambios al interior del ayuntamiento, por lo que, en Protecci\u00f3n Civil, quien fuera titular de la misma Pedro Astudillo paso a Reclutamiento y Jorge Orizaga paso a ocupar la titularidad de PC.&nbsp;<\/p>\n\n\n\n<p>Mientras que Myri Leal, titular de Espacios P\u00fablicos paso a la Coordinaci\u00f3n de Redes Sociales, quedando pendiente quien asumir\u00e1 el cargo que hasta hace unos d\u00edas ocupaba Myri.&nbsp;<\/p>\n","protected":false},"excerpt":{"rendered":"<p>La paseada de Arturo Diez\u00a0 Anduvo por tierras matamorenses quien, si otra cosa no sucede, se convertir\u00e1 en el candidato del Partido Movimiento Ciudadano a la gubernatura de Tamaulipas, el ex priista y ex alcalde de Ciudad Victoria Arturo Diez Guti\u00e9rrez, todo para irse dejando ver, sobre todo que lo vean los medios de comunicaci\u00f3n.&nbsp; [&hellip;]<\/p>\n","protected":false},"author":1,"featured_media":37300,"comment_status":"closed","ping_status":"closed","sticky":false,"template":"","format":"standard","meta":{"footnotes":""},"categories":[16],"tags":[],"class_list":["post-73288","post","type-post","status-publish","format-standard","has-post-thumbnail","hentry","category-opinion"],"_links":{"self":[{"href":"https:\/\/www.elsinodaldetamaulipas.com.mx\/index.php?rest_route=\/wp\/v2\/posts\/73288","targetHints":{"allow":["GET"]}}],"collection":[{"href":"https:\/\/www.elsinodaldetamaulipas.com.mx\/index.php?rest_route=\/wp\/v2\/posts"}],"about":[{"href":"https:\/\/www.elsinodaldetamaulipas.com.mx\/index.php?rest_route=\/wp\/v2\/types\/post"}],"author":[{"embeddable":true,"href":"https:\/\/www.elsinodaldetamaulipas.com.mx\/index.php?rest_route=\/wp\/v2\/users\/1"}],"replies":[{"embeddable":true,"href":"https:\/\/www.elsinodaldetamaulipas.com.mx\/index.php?rest_route=%2Fwp%2Fv2%2Fcomments&post=73288"}],"version-history":[{"count":1,"href":"https:\/\/www.elsinodaldetamaulipas.com.mx\/index.php?rest_route=\/wp\/v2\/posts\/73288\/revisions"}],"predecessor-version":[{"id":73289,"href":"https:\/\/www.elsinodaldetamaulipas.com.mx\/index.php?rest_route=\/wp\/v2\/posts\/73288\/revisions\/73289"}],"wp:featuredmedia":[{"embeddable":true,"href":"https:\/\/www.elsinodaldetamaulipas.com.mx\/index.php?rest_route=\/wp\/v2\/media\/37300"}],"wp:attachment":[{"href":"https:\/\/www.elsinodaldetamaulipas.com.mx\/index.php?rest_route=%2Fwp%2Fv2%2Fmedia&parent=73288"}],"wp:term":[{"taxonomy":"category","embeddable":true,"href":"https:\/\/www.elsinodaldetamaulipas.com.mx\/index.php?rest_route=%2Fwp%2Fv2%2Fcategories&post=73288"},{"taxonomy":"post_tag","embeddable":true,"href":"https:\/\/www.elsinodaldetamaulipas.com.mx\/index.php?rest_route=%2Fwp%2Fv2%2Ftags&post=73288"}],"curies":[{"name":"wp","href":"https:\/\/api.w.org\/{rel}","templated":true}]}}