{"id":74535,"date":"2021-10-07T16:08:57","date_gmt":"2021-10-07T16:08:57","guid":{"rendered":"http:\/\/www.elsinodaldetamaulipas.com.mx\/?p=74535"},"modified":"2021-10-07T16:09:02","modified_gmt":"2021-10-07T16:09:02","slug":"alito-el-pri-del-lado-de-la-gente-en-el-tema-electrico","status":"publish","type":"post","link":"https:\/\/www.elsinodaldetamaulipas.com.mx\/?p=74535","title":{"rendered":"&#8216;ALITO&#8217;: EL PRI, \u00abDEL LADO DE LA GENTE\u00bb EN EL TEMA EL\u00c9CTRICO"},"content":{"rendered":"\n<p><em><strong>Ciudad de M\u00e9xico.-<\/strong><\/em>\u00a0El dirigente del PRI, Alejandro Moreno, afirm\u00f3 ayer que el tiempo que dura el actual periodo ordinario de sesiones del Congreso es suficiente para discutir la iniciativa de reforma constitucional en materia el\u00e9ctrica y tener una posici\u00f3n al respecto en diciembre.<\/p>\n\n\n\n<p>Precis\u00f3 que existe la posibilidad de desahogar el tema en este periodo, pues se tendr\u00e1 un tiempo razonable \u2013cerca de dos meses\u2013, para hacer los foros y el parlamento abierto propuesto, si bien insisti\u00f3 en que no hay prisa y al&nbsp;<em>tricolor<\/em>&nbsp;nadie le pone plazos.<\/p>\n\n\n\n<p>En conferencia de prensa, confi\u00f3 en que los legisladores de su partido \u2013diputados y senadores\u2013 sufragaran como un bloque. \u201cSi cree el gobierno que puede dividir a las bancadas en un sentido o en otro, eso no va a ocurrir\u201d, puntualiz\u00f3 al recordar que al partido Morena y a sus aliados les faltan alrededor de 50 votos para aprobar la propuesta del Ejecutivo.<\/p>\n\n\n\n<p>Moreno explic\u00f3 que sus correligionarios en el Congreso tendr\u00e1n una amplia informaci\u00f3n sobre el tema y la oportunidad de escuchar a expertos, empresarios y organismos, tras lo cual se tomar\u00e1 una posici\u00f3n.<\/p>\n\n\n\n<p>Luego de que la senadora Claudia Ruiz Massieu, familiar del ex presidente Carlos Salinas de Gortari, asegur\u00f3 que el&nbsp;<em>tricolor<\/em>&nbsp;votar\u00e1 en contra de la iniciativa, el dirigente resalt\u00f3 que esa posici\u00f3n fue a t\u00edtulo personal, porque la postura oficial de la fuerza pol\u00edtica es escuchar primero a todos los actores involucrados en el asunto y despu\u00e9s fijar una postura.<\/p>\n\n\n\n<p>Ante la nueva petici\u00f3n del presidente Andr\u00e9s Manuel L\u00f3pez Obrador para que el PRI se defina si est\u00e1 a favor del pueblo o de los intereses privados, el ex gobernador de Campeche se\u00f1al\u00f3 que el mandatario dice muchas cosas, pero el Revolucionario Institucional est\u00e1 del lado de la gente y actuar\u00e1 de manera responsable. Se garantizar\u00e1n mejores tarifas, defensa del medio ambiente y las energ\u00edas limpias y respeto a la participaci\u00f3n de todos, asegur\u00f3.<\/p>\n\n\n\n<p>Va por M\u00e9xico est\u00e1 firme, asegura&nbsp;<em>Alito<\/em><\/p>\n\n\n\n<p>Por lo dem\u00e1s, Moreno expuso que la coalici\u00f3n Va por M\u00e9xico est\u00e1 firme, dialogando y construyendo acuerdos, pero de cualquier manera el PRI tiene que estar listo para ir solo a las elecciones el pr\u00f3ximo a\u00f1o, si no hay alianza.<\/p>\n\n\n\n<p>Por otra parte, el dirigente pri\u00edsta dio a conocer nombramientos en el Comit\u00e9 Ejecutivo Nacional que tienen el objetivo de fortalecer a esta fuerza pol\u00edtica rumbo a los pr\u00f3ximos comicios. Entre las 15 designaciones destaca la del senador Jorge Carlos Ram\u00edrez Mar\u00edn, quien se desempe\u00f1ar\u00e1 de representante legislativo del&nbsp;<em>tricolor<\/em>&nbsp;ante el Instituto Nacional Electoral, as\u00ed como el de Carlos Iriarte, secretario de acci\u00f3n electoral.<\/p>\n","protected":false},"excerpt":{"rendered":"<p>Ciudad de M\u00e9xico.-\u00a0El dirigente del PRI, Alejandro Moreno, afirm\u00f3 ayer que el tiempo que dura el actual periodo ordinario de sesiones del Congreso es suficiente para discutir la iniciativa de reforma constitucional en materia el\u00e9ctrica y tener una posici\u00f3n al respecto en diciembre. Precis\u00f3 que existe la posibilidad de desahogar el tema en este periodo, [&hellip;]<\/p>\n","protected":false},"author":1,"featured_media":74536,"comment_status":"closed","ping_status":"closed","sticky":false,"template":"","format":"standard","meta":{"footnotes":""},"categories":[4],"tags":[],"class_list":["post-74535","post","type-post","status-publish","format-standard","has-post-thumbnail","hentry","category-nacional"],"_links":{"self":[{"href":"https:\/\/www.elsinodaldetamaulipas.com.mx\/index.php?rest_route=\/wp\/v2\/posts\/74535","targetHints":{"allow":["GET"]}}],"collection":[{"href":"https:\/\/www.elsinodaldetamaulipas.com.mx\/index.php?rest_route=\/wp\/v2\/posts"}],"about":[{"href":"https:\/\/www.elsinodaldetamaulipas.com.mx\/index.php?rest_route=\/wp\/v2\/types\/post"}],"author":[{"embeddable":true,"href":"https:\/\/www.elsinodaldetamaulipas.com.mx\/index.php?rest_route=\/wp\/v2\/users\/1"}],"replies":[{"embeddable":true,"href":"https:\/\/www.elsinodaldetamaulipas.com.mx\/index.php?rest_route=%2Fwp%2Fv2%2Fcomments&post=74535"}],"version-history":[{"count":1,"href":"https:\/\/www.elsinodaldetamaulipas.com.mx\/index.php?rest_route=\/wp\/v2\/posts\/74535\/revisions"}],"predecessor-version":[{"id":74537,"href":"https:\/\/www.elsinodaldetamaulipas.com.mx\/index.php?rest_route=\/wp\/v2\/posts\/74535\/revisions\/74537"}],"wp:featuredmedia":[{"embeddable":true,"href":"https:\/\/www.elsinodaldetamaulipas.com.mx\/index.php?rest_route=\/wp\/v2\/media\/74536"}],"wp:attachment":[{"href":"https:\/\/www.elsinodaldetamaulipas.com.mx\/index.php?rest_route=%2Fwp%2Fv2%2Fmedia&parent=74535"}],"wp:term":[{"taxonomy":"category","embeddable":true,"href":"https:\/\/www.elsinodaldetamaulipas.com.mx\/index.php?rest_route=%2Fwp%2Fv2%2Fcategories&post=74535"},{"taxonomy":"post_tag","embeddable":true,"href":"https:\/\/www.elsinodaldetamaulipas.com.mx\/index.php?rest_route=%2Fwp%2Fv2%2Ftags&post=74535"}],"curies":[{"name":"wp","href":"https:\/\/api.w.org\/{rel}","templated":true}]}}