{"id":75953,"date":"2021-10-19T16:05:23","date_gmt":"2021-10-19T16:05:23","guid":{"rendered":"http:\/\/www.elsinodaldetamaulipas.com.mx\/?p=75953"},"modified":"2021-10-19T16:07:58","modified_gmt":"2021-10-19T16:07:58","slug":"andy-ruiz-arruino-carrera-de-anthony-joshua-excampeon-de-la-wbo","status":"publish","type":"post","link":"https:\/\/www.elsinodaldetamaulipas.com.mx\/?p=75953","title":{"rendered":"ANDY RUIZ ARRUIN\u00d3 CARRERA DE ANTHONY JOSHUA: EXCAMPE\u00d3N DE LA WBO"},"content":{"rendered":"\n<p><strong><em>Ciudad de M\u00e9xico.-<\/em><\/strong> La derrota de Anthony Joshua frente a Andy Ruiz en junio de 2019 fue m\u00e1s grave de lo anunciado, ya que no solo perdi\u00f3 los cetros WBA, IBF y IBO y WBO de los pesos pesados, sino que le dej\u00f3 una huella indeleble que sale a relucir al momento de pelar.<\/p>\n\n\n\n<p>En dicho encuentro, el Destroyer derrib\u00f3 en cuatro ocasiones al brit\u00e1nico hasta que fue parada la pelea en el s\u00e9ptimo round, obteniendo as\u00ed un triunfo estruendoso que merm\u00f3 el \u00e1nimo de su oponente. Muchos golpes bien conectados le hicieron ver a Joshua su fragilidad, algo que contin\u00faa, a decir del exboxeador Timothy Bradley.<\/p>\n\n\n\n<p>\u201cEl \u00e9xito, eso debilita (la mente), y creo que en la pelea de Andy Ruiz, eso lo arruin\u00f3 (a Anthony Joshua)\u201d, se\u00f1al\u00f3 Bradley a Fight Hype a unas semanas de que Joshua fuera apabullado por Oleksandr Usyk para volver a perder los cetros que hab\u00eda recuperado ante el propio Ruiz en diciembre de 2019.<\/p>\n\n\n\n<p>\u201cCreo que esa (derrota con Ruiz) arruin\u00f3 su confianza, creo que eso tambi\u00e9n lo hizo tener miedo de ser golpeado. Es t\u00edmido para el intercambio, no quiere tirar golpes porque tiene miedo de que lo golpeen\u201d, abund\u00f3 el excampe\u00f3n de la WBO de los w\u00e9lter.<\/p>\n\n\n\n<p>A\u00f1adi\u00f3 que la forma como le entraron golpes de Usyk fue una calca de lo que pas\u00f3 ante el mexicano, ya que era m\u00e1s peque\u00f1o y tambi\u00e9n con pu\u00f1os poderosos.<\/p>\n\n\n\n<p>\u00abUsyk es un peso pesado chico, pero tiene algo de pegada en sus golpes, pero (Joshua) es el tipo m\u00e1s grande, necesita actuar como el tipo m\u00e1s grande. Es casi como si fuera un tipo grande f\u00edsicamente, pero con la mentalidad de un peso chico\u00bb.<\/p>\n\n\n\n<p><\/p>\n\n\n\n<div class=\"wp-block-image\"><figure class=\"aligncenter size-large\"><img loading=\"lazy\" decoding=\"async\" width=\"418\" height=\"640\" src=\"https:\/\/www.elsinodaldetamaulipas.com.mx\/wp-content\/uploads\/2021\/07\/MEZCAL.jpg\" alt=\"\" class=\"wp-image-65440\" srcset=\"https:\/\/www.elsinodaldetamaulipas.com.mx\/wp-content\/uploads\/2021\/07\/MEZCAL.jpg 418w, https:\/\/www.elsinodaldetamaulipas.com.mx\/wp-content\/uploads\/2021\/07\/MEZCAL-196x300.jpg 196w\" sizes=\"auto, (max-width: 418px) 100vw, 418px\" \/><\/figure><\/div>\n","protected":false},"excerpt":{"rendered":"<p>Ciudad de M\u00e9xico.- La derrota de Anthony Joshua frente a Andy Ruiz en junio de 2019 fue m\u00e1s grave de lo anunciado, ya que no solo perdi\u00f3 los cetros WBA, IBF y IBO y WBO de los pesos pesados, sino que le dej\u00f3 una huella indeleble que sale a relucir al momento de pelar. En [&hellip;]<\/p>\n","protected":false},"author":1,"featured_media":75954,"comment_status":"closed","ping_status":"closed","sticky":false,"template":"","format":"standard","meta":{"footnotes":""},"categories":[5],"tags":[],"class_list":["post-75953","post","type-post","status-publish","format-standard","has-post-thumbnail","hentry","category-deportes"],"_links":{"self":[{"href":"https:\/\/www.elsinodaldetamaulipas.com.mx\/index.php?rest_route=\/wp\/v2\/posts\/75953","targetHints":{"allow":["GET"]}}],"collection":[{"href":"https:\/\/www.elsinodaldetamaulipas.com.mx\/index.php?rest_route=\/wp\/v2\/posts"}],"about":[{"href":"https:\/\/www.elsinodaldetamaulipas.com.mx\/index.php?rest_route=\/wp\/v2\/types\/post"}],"author":[{"embeddable":true,"href":"https:\/\/www.elsinodaldetamaulipas.com.mx\/index.php?rest_route=\/wp\/v2\/users\/1"}],"replies":[{"embeddable":true,"href":"https:\/\/www.elsinodaldetamaulipas.com.mx\/index.php?rest_route=%2Fwp%2Fv2%2Fcomments&post=75953"}],"version-history":[{"count":2,"href":"https:\/\/www.elsinodaldetamaulipas.com.mx\/index.php?rest_route=\/wp\/v2\/posts\/75953\/revisions"}],"predecessor-version":[{"id":75960,"href":"https:\/\/www.elsinodaldetamaulipas.com.mx\/index.php?rest_route=\/wp\/v2\/posts\/75953\/revisions\/75960"}],"wp:featuredmedia":[{"embeddable":true,"href":"https:\/\/www.elsinodaldetamaulipas.com.mx\/index.php?rest_route=\/wp\/v2\/media\/75954"}],"wp:attachment":[{"href":"https:\/\/www.elsinodaldetamaulipas.com.mx\/index.php?rest_route=%2Fwp%2Fv2%2Fmedia&parent=75953"}],"wp:term":[{"taxonomy":"category","embeddable":true,"href":"https:\/\/www.elsinodaldetamaulipas.com.mx\/index.php?rest_route=%2Fwp%2Fv2%2Fcategories&post=75953"},{"taxonomy":"post_tag","embeddable":true,"href":"https:\/\/www.elsinodaldetamaulipas.com.mx\/index.php?rest_route=%2Fwp%2Fv2%2Ftags&post=75953"}],"curies":[{"name":"wp","href":"https:\/\/api.w.org\/{rel}","templated":true}]}}