{"id":76478,"date":"2021-10-22T20:22:20","date_gmt":"2021-10-22T20:22:20","guid":{"rendered":"http:\/\/www.elsinodaldetamaulipas.com.mx\/?p=76478"},"modified":"2021-10-22T20:22:25","modified_gmt":"2021-10-22T20:22:25","slug":"convocatoria-de-regreso-a-clases-presenciales","status":"publish","type":"post","link":"https:\/\/www.elsinodaldetamaulipas.com.mx\/?p=76478","title":{"rendered":"CONVOCATORIA DE REGRESO A CLASES PRESENCIALES"},"content":{"rendered":"\n<ul class=\"wp-block-list\"><li><strong><em>Para escuelas de Educaci\u00f3n B\u00e1sica<\/em><\/strong><\/li><\/ul>\n\n\n\n<p><strong>EL SINODAL DE TAMAULIPAS<\/strong><\/p>\n\n\n\n<p><strong>Ciudad Victoria, Tam.-<\/strong> El Gobierno del Estado de Tamaulipas a trav\u00e9s de la Secretar\u00eda de Educaci\u00f3n y la Secretar\u00eda de Salud invita a escuelas de Educaci\u00f3n B\u00e1sica del Estado a participar en la Convocatoria de Regreso a Clases Presenciales seguro, gradual y voluntario, priorizando la salud f\u00edsica y emocional de las comunidades educativas; con acciones de prevenci\u00f3n de riesgos ante la contingencia por COVID-19.<\/p>\n\n\n\n<p>Podr\u00e1n participar las escuelas p\u00fablicas de nivel elemental, primaria y secundaria, p\u00fablicas, que pertenezcan al \u00e1rea rural y urbana de todos los municipios del Estado.<\/p>\n\n\n\n<p>Quienes deseen participar ya pueden enviar su solicitud para la inscripci\u00f3n al correo electr\u00f3nico de la Subsecretar\u00eda de Educaci\u00f3n B\u00e1sica: regresoaclases.basica@set.edu.mx&nbsp;<\/p>\n\n\n\n<p>Conoce los criterios de inscripci\u00f3n y para la selecci\u00f3n en:&nbsp;<br>https:\/\/www.tamaulipas.gob.mx\/educacion\/convocatoria\/regresoclasespresenciales-educacionbasica\/&nbsp;<\/p>\n","protected":false},"excerpt":{"rendered":"<p>Para escuelas de Educaci\u00f3n B\u00e1sica EL SINODAL DE TAMAULIPAS Ciudad Victoria, Tam.- El Gobierno del Estado de Tamaulipas a trav\u00e9s de la Secretar\u00eda de Educaci\u00f3n y la Secretar\u00eda de Salud invita a escuelas de Educaci\u00f3n B\u00e1sica del Estado a participar en la Convocatoria de Regreso a Clases Presenciales seguro, gradual y voluntario, priorizando la salud [&hellip;]<\/p>\n","protected":false},"author":1,"featured_media":76479,"comment_status":"closed","ping_status":"closed","sticky":false,"template":"","format":"standard","meta":{"footnotes":""},"categories":[13,3],"tags":[],"class_list":["post-76478","post","type-post","status-publish","format-standard","has-post-thumbnail","hentry","category-gobierno","category-tamaulipas"],"_links":{"self":[{"href":"https:\/\/www.elsinodaldetamaulipas.com.mx\/index.php?rest_route=\/wp\/v2\/posts\/76478","targetHints":{"allow":["GET"]}}],"collection":[{"href":"https:\/\/www.elsinodaldetamaulipas.com.mx\/index.php?rest_route=\/wp\/v2\/posts"}],"about":[{"href":"https:\/\/www.elsinodaldetamaulipas.com.mx\/index.php?rest_route=\/wp\/v2\/types\/post"}],"author":[{"embeddable":true,"href":"https:\/\/www.elsinodaldetamaulipas.com.mx\/index.php?rest_route=\/wp\/v2\/users\/1"}],"replies":[{"embeddable":true,"href":"https:\/\/www.elsinodaldetamaulipas.com.mx\/index.php?rest_route=%2Fwp%2Fv2%2Fcomments&post=76478"}],"version-history":[{"count":1,"href":"https:\/\/www.elsinodaldetamaulipas.com.mx\/index.php?rest_route=\/wp\/v2\/posts\/76478\/revisions"}],"predecessor-version":[{"id":76480,"href":"https:\/\/www.elsinodaldetamaulipas.com.mx\/index.php?rest_route=\/wp\/v2\/posts\/76478\/revisions\/76480"}],"wp:featuredmedia":[{"embeddable":true,"href":"https:\/\/www.elsinodaldetamaulipas.com.mx\/index.php?rest_route=\/wp\/v2\/media\/76479"}],"wp:attachment":[{"href":"https:\/\/www.elsinodaldetamaulipas.com.mx\/index.php?rest_route=%2Fwp%2Fv2%2Fmedia&parent=76478"}],"wp:term":[{"taxonomy":"category","embeddable":true,"href":"https:\/\/www.elsinodaldetamaulipas.com.mx\/index.php?rest_route=%2Fwp%2Fv2%2Fcategories&post=76478"},{"taxonomy":"post_tag","embeddable":true,"href":"https:\/\/www.elsinodaldetamaulipas.com.mx\/index.php?rest_route=%2Fwp%2Fv2%2Ftags&post=76478"}],"curies":[{"name":"wp","href":"https:\/\/api.w.org\/{rel}","templated":true}]}}