{"id":76481,"date":"2021-10-22T20:27:09","date_gmt":"2021-10-22T20:27:09","guid":{"rendered":"http:\/\/www.elsinodaldetamaulipas.com.mx\/?p=76481"},"modified":"2021-10-22T20:27:15","modified_gmt":"2021-10-22T20:27:15","slug":"concurso-qatar-y-mexico-tierras-magicas-de-cuentos-y-poesias-2","status":"publish","type":"post","link":"https:\/\/www.elsinodaldetamaulipas.com.mx\/?p=76481","title":{"rendered":"CONCURSO: QATAR Y M\u00c9XICO, TIERRAS M\u00c1GICAS DE CUENTOS Y POES\u00cdAS"},"content":{"rendered":"\n<p><strong>EL SINODAL DE TAMAULIPAS<\/strong><\/p>\n\n\n\n<p><em><strong>Ciudad Victoria, Tam.-<\/strong><\/em> Se invita a ni\u00f1as y ni\u00f1os de 6 a 13 a\u00f1os de edad a que participen con una obra literaria en espa\u00f1ol y el uso de lenguaje inclusivo, como parte del Concurso: Qatar y M\u00e9xico, Tierras M\u00e1gicas de Cuentos y Poes\u00edas.&nbsp;<\/p>\n\n\n\n<p>Reg\u00edstrate y consulta la Convocatoria emitida por la Embajada del Estado de Qatar en M\u00e9xico:<br>https:\/\/www.tamaulipas.gob.mx\/educacion\/convocatoria\/concurso-qatar-y-mexico-tierras-magicas-de-cuentos-y-poesias\/&nbsp;<\/p>\n","protected":false},"excerpt":{"rendered":"<p>EL SINODAL DE TAMAULIPAS Ciudad Victoria, Tam.- Se invita a ni\u00f1as y ni\u00f1os de 6 a 13 a\u00f1os de edad a que participen con una obra literaria en espa\u00f1ol y el uso de lenguaje inclusivo, como parte del Concurso: Qatar y M\u00e9xico, Tierras M\u00e1gicas de Cuentos y Poes\u00edas.&nbsp; Reg\u00edstrate y consulta la Convocatoria emitida por [&hellip;]<\/p>\n","protected":false},"author":1,"featured_media":76482,"comment_status":"closed","ping_status":"closed","sticky":false,"template":"","format":"standard","meta":{"footnotes":""},"categories":[13,3],"tags":[],"class_list":["post-76481","post","type-post","status-publish","format-standard","has-post-thumbnail","hentry","category-gobierno","category-tamaulipas"],"_links":{"self":[{"href":"https:\/\/www.elsinodaldetamaulipas.com.mx\/index.php?rest_route=\/wp\/v2\/posts\/76481","targetHints":{"allow":["GET"]}}],"collection":[{"href":"https:\/\/www.elsinodaldetamaulipas.com.mx\/index.php?rest_route=\/wp\/v2\/posts"}],"about":[{"href":"https:\/\/www.elsinodaldetamaulipas.com.mx\/index.php?rest_route=\/wp\/v2\/types\/post"}],"author":[{"embeddable":true,"href":"https:\/\/www.elsinodaldetamaulipas.com.mx\/index.php?rest_route=\/wp\/v2\/users\/1"}],"replies":[{"embeddable":true,"href":"https:\/\/www.elsinodaldetamaulipas.com.mx\/index.php?rest_route=%2Fwp%2Fv2%2Fcomments&post=76481"}],"version-history":[{"count":1,"href":"https:\/\/www.elsinodaldetamaulipas.com.mx\/index.php?rest_route=\/wp\/v2\/posts\/76481\/revisions"}],"predecessor-version":[{"id":76483,"href":"https:\/\/www.elsinodaldetamaulipas.com.mx\/index.php?rest_route=\/wp\/v2\/posts\/76481\/revisions\/76483"}],"wp:featuredmedia":[{"embeddable":true,"href":"https:\/\/www.elsinodaldetamaulipas.com.mx\/index.php?rest_route=\/wp\/v2\/media\/76482"}],"wp:attachment":[{"href":"https:\/\/www.elsinodaldetamaulipas.com.mx\/index.php?rest_route=%2Fwp%2Fv2%2Fmedia&parent=76481"}],"wp:term":[{"taxonomy":"category","embeddable":true,"href":"https:\/\/www.elsinodaldetamaulipas.com.mx\/index.php?rest_route=%2Fwp%2Fv2%2Fcategories&post=76481"},{"taxonomy":"post_tag","embeddable":true,"href":"https:\/\/www.elsinodaldetamaulipas.com.mx\/index.php?rest_route=%2Fwp%2Fv2%2Ftags&post=76481"}],"curies":[{"name":"wp","href":"https:\/\/api.w.org\/{rel}","templated":true}]}}