{"id":77147,"date":"2021-10-28T01:38:59","date_gmt":"2021-10-28T01:38:59","guid":{"rendered":"http:\/\/www.elsinodaldetamaulipas.com.mx\/?p=77147"},"modified":"2021-10-28T01:39:03","modified_gmt":"2021-10-28T01:39:03","slug":"si-a-la-alianza-dicen-los-priistas-de-rio-bravo","status":"publish","type":"post","link":"https:\/\/www.elsinodaldetamaulipas.com.mx\/?p=77147","title":{"rendered":"\u201cSI A LA ALIANZA DICEN LOS PRIISTAS DE RIO BRAVO\u201d"},"content":{"rendered":"\n<ul class=\"wp-block-list\"><li><em><strong>Y debe construirse con tiempo para consolidarla<\/strong><\/em><\/li><\/ul>\n\n\n\n<p><strong>EL SINODAL DE TAMAULIPAS<\/strong><\/p>\n\n\n\n<div class=\"wp-block-image\"><figure class=\"alignright size-large\"><img loading=\"lazy\" decoding=\"async\" width=\"572\" height=\"480\" src=\"https:\/\/www.elsinodaldetamaulipas.com.mx\/wp-content\/uploads\/2021\/10\/PRIISTAS-I.jpg\" alt=\"\" class=\"wp-image-77148\" srcset=\"https:\/\/www.elsinodaldetamaulipas.com.mx\/wp-content\/uploads\/2021\/10\/PRIISTAS-I.jpg 572w, https:\/\/www.elsinodaldetamaulipas.com.mx\/wp-content\/uploads\/2021\/10\/PRIISTAS-I-300x252.jpg 300w\" sizes=\"auto, (max-width: 572px) 100vw, 572px\" \/><\/figure><\/div>\n\n\n\n<p><strong>RIO BRAVO, TAM.- <\/strong>En un encuentro con los representantes de los medios de comunicaci\u00f3n en esta ciudad fronteriza donde los gobiernos del PRI reinaron durante muchos a\u00f1os.<\/p>\n\n\n\n<p>Y donde en la tierra del dirigente estatal del mismo instituto pol\u00edtico.<\/p>\n\n\n\n<p>Alzaron las fuerzas vivas, sectores y organizaciones en una rueda de prensa para decir \u201cSI\u201d a la alianza con otros institutos pol\u00edticos concretamente el PAN y PRD con rumbo a la elecci\u00f3n de gobernador el a\u00f1o pr\u00f3ximo en que se renovar\u00e1 el poder ejecutivo.<\/p>\n\n\n\n<p>Personajes del PRIISMO institucional como La ex diputada local y ex dirigente del Organismo estatal de mujeres pri\u00edstas, Copitzi Hern\u00e1ndez Garc\u00eda; La dirigente de la CTM, Margarita Garc\u00eda Mart\u00ednez; Rub\u00e9n L\u00f3pez S\u00e1nchez del sector CNOP; Rayel Gonz\u00e1lez Ruiz del Movimiento territorial.<\/p>\n\n\n\n<p>Adem\u00e1s de ex candidatos de dicho partido como Ricardo Fern\u00e1ndez Avi\u00f1a, Sof\u00eda \u00c1lvarez, Pedro Garza, Norberto Gonz\u00e1lez.<\/p>\n\n\n\n<p>Presidentes de seccionales e integrantes del comit\u00e9 directivo municipal del PRI.<\/p>\n\n\n\n<p>Dijeron estar de acuerdo con la alianza con otros partidos pol\u00edticos para postular un candidato conjunto a la gubernatura en el 2022.<\/p>\n\n\n\n<p>Es asi como La ex diputada local Copitzi Hern\u00e1ndez abri\u00f3 la rueda de prensa donde les acompa\u00f1\u00f3 el Lic. Luis Enrique Arreola Vidal, activista de este partido pol\u00edtico a nivel estatal.<\/p>\n\n\n\n<p>Dijo Copitzi Hern\u00e1ndez que es respetuosa de la institucionalidad pero que hoy vive como un revolucionario en alusi\u00f3n al nombre de su partido para manifestar porque la alianza es lo mejor.<\/p>\n\n\n\n<p>PARA QUE EL PRI NO DESAPAREZCA<\/p>\n\n\n\n<p>\u201cPor esto debemos ir en alianza y reconocer que el PRI ha ido en decadencia, pero la lucha social habr\u00e1 de seguir\u201d.<\/p>\n\n\n\n<p>\u201cQueremos volver a tener ese poder de convocatoria y somos respetuosos de la dirigencia nacional y las decisiones, pero los encuentros de los pri\u00edstas deben tenerse para conocer lo que quieren los pri\u00edstas, la militancia y s\u00e9 que hay tiempos y el dos de enero es la fecha limite se debe tomar en cuenta el sentir de la militancia\u201d.<\/p>\n\n\n\n<p>\u201cDe no construir la alianza, El PRI va en ca\u00edda libre\u201d<\/p>\n\n\n\n<p>Dijo que el dirigente nacional ha hecho una convocatoria y por eso el PRI debe hacer una revoluci\u00f3n y esta se gana desde abajo.<\/p>\n\n\n\n<p>Posteriormente, hablo Rayel Gonz\u00e1lez Ruiz, coordinador distrital del Movimiento territorial en el distrito III y expres\u00f3 su determinaci\u00f3n de aspirar a una alianza pol\u00edtica porque es la manera m\u00e1s positiva de renovar la fuerza de su partido pol\u00edtico.<\/p>\n\n\n\n<p>Por su parte, Margarita Garc\u00eda Mart\u00ednez a nombre del sector CTM dijo que se unen a nivel estatal a la estrategia de una alianza.<\/p>\n\n\n\n<p>Dijo \u201cTenemos la libertad de elegir el color como federaci\u00f3n y sabemos que la mayor\u00eda de la CTM est\u00e1 enamorada de su color que es el PRI\u201d.<\/p>\n\n\n\n<p>\u201ccambiar la forma de actuar del PRI es necesario y es al PRI quien lo forman las organizaciones, los sectores, no un grupo pol\u00edtico determinado nadamas, y por ello se han buscado alternativas que les favorezca a los obreros\u201d<\/p>\n\n\n\n<p>\u201cPorque creo que es el mejor camino, me sumo a la alianza por Tamaulipas, la situaci\u00f3n no es f\u00e1cil y se sabe c\u00f3mo la estamos pasando\u201d.<\/p>\n\n\n\n<p>\u201cSolos no vamos a poder, necesitamos una alianza y nosotros lo hemos platicado que se haga realidad la alianza para que los tamaulipecos salgan beneficiados y por eso me he sumado a este movimiento\u201d.<\/p>\n","protected":false},"excerpt":{"rendered":"<p>Y debe construirse con tiempo para consolidarla EL SINODAL DE TAMAULIPAS RIO BRAVO, TAM.- En un encuentro con los representantes de los medios de comunicaci\u00f3n en esta ciudad fronteriza donde los gobiernos del PRI reinaron durante muchos a\u00f1os. Y donde en la tierra del dirigente estatal del mismo instituto pol\u00edtico. Alzaron las fuerzas vivas, sectores [&hellip;]<\/p>\n","protected":false},"author":1,"featured_media":77149,"comment_status":"closed","ping_status":"closed","sticky":false,"template":"","format":"standard","meta":{"footnotes":""},"categories":[1,6],"tags":[],"class_list":["post-77147","post","type-post","status-publish","format-standard","has-post-thumbnail","hentry","category-portada","category-riobravo"],"_links":{"self":[{"href":"https:\/\/www.elsinodaldetamaulipas.com.mx\/index.php?rest_route=\/wp\/v2\/posts\/77147","targetHints":{"allow":["GET"]}}],"collection":[{"href":"https:\/\/www.elsinodaldetamaulipas.com.mx\/index.php?rest_route=\/wp\/v2\/posts"}],"about":[{"href":"https:\/\/www.elsinodaldetamaulipas.com.mx\/index.php?rest_route=\/wp\/v2\/types\/post"}],"author":[{"embeddable":true,"href":"https:\/\/www.elsinodaldetamaulipas.com.mx\/index.php?rest_route=\/wp\/v2\/users\/1"}],"replies":[{"embeddable":true,"href":"https:\/\/www.elsinodaldetamaulipas.com.mx\/index.php?rest_route=%2Fwp%2Fv2%2Fcomments&post=77147"}],"version-history":[{"count":1,"href":"https:\/\/www.elsinodaldetamaulipas.com.mx\/index.php?rest_route=\/wp\/v2\/posts\/77147\/revisions"}],"predecessor-version":[{"id":77150,"href":"https:\/\/www.elsinodaldetamaulipas.com.mx\/index.php?rest_route=\/wp\/v2\/posts\/77147\/revisions\/77150"}],"wp:featuredmedia":[{"embeddable":true,"href":"https:\/\/www.elsinodaldetamaulipas.com.mx\/index.php?rest_route=\/wp\/v2\/media\/77149"}],"wp:attachment":[{"href":"https:\/\/www.elsinodaldetamaulipas.com.mx\/index.php?rest_route=%2Fwp%2Fv2%2Fmedia&parent=77147"}],"wp:term":[{"taxonomy":"category","embeddable":true,"href":"https:\/\/www.elsinodaldetamaulipas.com.mx\/index.php?rest_route=%2Fwp%2Fv2%2Fcategories&post=77147"},{"taxonomy":"post_tag","embeddable":true,"href":"https:\/\/www.elsinodaldetamaulipas.com.mx\/index.php?rest_route=%2Fwp%2Fv2%2Ftags&post=77147"}],"curies":[{"name":"wp","href":"https:\/\/api.w.org\/{rel}","templated":true}]}}