{"id":77155,"date":"2021-10-28T02:08:56","date_gmt":"2021-10-28T02:08:56","guid":{"rendered":"http:\/\/www.elsinodaldetamaulipas.com.mx\/?p=77155"},"modified":"2021-10-28T02:09:01","modified_gmt":"2021-10-28T02:09:01","slug":"la-comuna-por-jose-angel-solorio-martinez-2","status":"publish","type":"post","link":"https:\/\/www.elsinodaldetamaulipas.com.mx\/?p=77155","title":{"rendered":"La Comuna\/\u00a0Por Jos\u00e9 \u00c1ngel Solorio Mart\u00ednez"},"content":{"rendered":"\n<p class=\"has-text-align-center\"><strong><em>El debate ideol\u00f3gico de la IV T<\/em><\/strong><\/p>\n\n\n\n<p>Ma\u00f1ana jueves 28 de octubre a las 5.00 de la tarde, Pedro Salmer\u00f3n estar\u00e1 presentando su libro La batalla por Tenochtitlan en el municipio de D\u00edaz Ordaz, Tamaulipas, en la Hacienda del Rosario.<\/p>\n\n\n\n<p>El viernes, 29 de octubre har\u00e1 lo mismo en Matamoros, a las 6.00 PM, en la Sala de Usos M\u00faltiples Tom\u00e1s Urtus\u00e1stegui del Parque Ol\u00edmpico Cultura y Conocimiento.<\/p>\n\n\n\n<p>Y cerrar\u00e1 la gira de presentaciones en la frontera en Reynosa, el viernes 30 de octubre a las 11..00 AM en la Rector\u00eda de la Universidad del Atl\u00e1ntico en la Colonia del Prado.<\/p>\n\n\n\n<p>\u00bfQu\u00e9 tienen en com\u00fan esos lugares en donde se platicar\u00e1 del m\u00e1s reciente libro del intelectual m\u00e1s importante de la actual Izquierda mexicana?<\/p>\n\n\n\n<p>Esa tr\u00edada de lugares, tienen la feliz coincidencia de ser gobernados por MORENA, la emergente fuerza pol\u00edtica y de gobierno en el Tamaulipas del Siglo XXI.<\/p>\n\n\n\n<p>Salmer\u00f3n, militante durante toda su vida en la Izquierda mexicana, fundador de MORENA junto a otros intelectuales como Paco Taibo II, camin\u00f3 el largo sendero de Andr\u00e9s Manuel L\u00f3pez Obrador para construir una organizaci\u00f3n que tras d\u00e9cadas de lucha fue la herramienta legal para llevar a la Presidencia al tabasque\u00f1o.<\/p>\n\n\n\n<p>Como historiador, con sus obras, ha combatido a la anacr\u00f3nica historiograf\u00eda que ha sido utilizada para legitimar el discurso ideol\u00f3gico dominante del Estado mexicano y a quienes representa.<\/p>\n\n\n\n<p>Sus textos, son referente -ya universal- sobre la historia de la revoluci\u00f3n mexicana.<\/p>\n\n\n\n<p>Su obra La Divisi\u00f3n del Norte, representa una tonificante visi\u00f3n sobre los hechos y causas que generaron la revoluci\u00f3n de 1910-1917.<\/p>\n\n\n\n<p>Sus libros, bien pueden calificarse como emblem\u00e1ticos de la Nueva Historiograf\u00eda de M\u00e9xico. En ellos, se puede ver -lo que no se hab\u00eda hecho en d\u00e9cadas- como sujetos hist\u00f3ricos -es decir: como agentes de organizaci\u00f3n y cambio sociales- a las comunidades y no a los caudillos; a las minor\u00edas en movimiento como los ind\u00edgenas y no a las \u00e9lites que los explotan; a los obreros como la din\u00e1mica fundamental del cambio y otros actores que la historia dominante ha intentado verlos como convidados de piedra en la fiesta de las transformaciones sociales del pasado y presente mexicanos.<\/p>\n\n\n\n<p>Como militante de Izquierda, ha construido una narrativa progresista para dar sustento ideol\u00f3gico a los partidos y movimientos de la Izquierda del pa\u00eds.<\/p>\n\n\n\n<p>\u00bfAfirman hubo una Conquista que sac\u00f3 a los ind\u00edgenas de la bestialidad y el atraso?<\/p>\n\n\n\n<p>Salmer\u00f3n refuta con su contundente informaci\u00f3n e inteligencia, que ni hubo tal Conquista, y mucho menos la invasi\u00f3n espa\u00f1ola gener\u00f3 mayores est\u00e1ndares de civilizaci\u00f3n.<\/p>\n\n\n\n<p>\u00bfDice Paz que la esencia del mexicano, est\u00e1 delineada porque somos hijos de la chingada?<\/p>\n\n\n\n<p>La batalla por Tenochtitlan, exhibe que las naciones originarias han estado en plena rebeli\u00f3n contra todo tipo de opresi\u00f3n desde 1521 hasta nuestros d\u00edas -basta recordar el EZLN-.<\/p>\n\n\n\n<p>Si tiene oportunidad, vaya a escuchar a Pedro.<\/p>\n\n\n\n<p>Podr\u00e1 as\u00ed, dimensionar la larga y en\u00e9rgica batalla del comandante de la IV T -Andr\u00e9s Manuel L\u00f3pez Obrador-, desplegada para combatir desde las trincheras de las ideas, la grosera y persistente ideolog\u00eda de la derecha mexicana.<\/p>\n","protected":false},"excerpt":{"rendered":"<p>El debate ideol\u00f3gico de la IV T Ma\u00f1ana jueves 28 de octubre a las 5.00 de la tarde, Pedro Salmer\u00f3n estar\u00e1 presentando su libro La batalla por Tenochtitlan en el municipio de D\u00edaz Ordaz, Tamaulipas, en la Hacienda del Rosario. El viernes, 29 de octubre har\u00e1 lo mismo en Matamoros, a las 6.00 PM, en [&hellip;]<\/p>\n","protected":false},"author":1,"featured_media":0,"comment_status":"closed","ping_status":"closed","sticky":false,"template":"","format":"standard","meta":{"footnotes":""},"categories":[16],"tags":[],"class_list":["post-77155","post","type-post","status-publish","format-standard","hentry","category-opinion"],"_links":{"self":[{"href":"https:\/\/www.elsinodaldetamaulipas.com.mx\/index.php?rest_route=\/wp\/v2\/posts\/77155","targetHints":{"allow":["GET"]}}],"collection":[{"href":"https:\/\/www.elsinodaldetamaulipas.com.mx\/index.php?rest_route=\/wp\/v2\/posts"}],"about":[{"href":"https:\/\/www.elsinodaldetamaulipas.com.mx\/index.php?rest_route=\/wp\/v2\/types\/post"}],"author":[{"embeddable":true,"href":"https:\/\/www.elsinodaldetamaulipas.com.mx\/index.php?rest_route=\/wp\/v2\/users\/1"}],"replies":[{"embeddable":true,"href":"https:\/\/www.elsinodaldetamaulipas.com.mx\/index.php?rest_route=%2Fwp%2Fv2%2Fcomments&post=77155"}],"version-history":[{"count":1,"href":"https:\/\/www.elsinodaldetamaulipas.com.mx\/index.php?rest_route=\/wp\/v2\/posts\/77155\/revisions"}],"predecessor-version":[{"id":77156,"href":"https:\/\/www.elsinodaldetamaulipas.com.mx\/index.php?rest_route=\/wp\/v2\/posts\/77155\/revisions\/77156"}],"wp:attachment":[{"href":"https:\/\/www.elsinodaldetamaulipas.com.mx\/index.php?rest_route=%2Fwp%2Fv2%2Fmedia&parent=77155"}],"wp:term":[{"taxonomy":"category","embeddable":true,"href":"https:\/\/www.elsinodaldetamaulipas.com.mx\/index.php?rest_route=%2Fwp%2Fv2%2Fcategories&post=77155"},{"taxonomy":"post_tag","embeddable":true,"href":"https:\/\/www.elsinodaldetamaulipas.com.mx\/index.php?rest_route=%2Fwp%2Fv2%2Ftags&post=77155"}],"curies":[{"name":"wp","href":"https:\/\/api.w.org\/{rel}","templated":true}]}}