{"id":81949,"date":"2021-12-03T15:28:15","date_gmt":"2021-12-03T15:28:15","guid":{"rendered":"http:\/\/www.elsinodaldetamaulipas.com.mx\/?p=81949"},"modified":"2021-12-03T15:28:20","modified_gmt":"2021-12-03T15:28:20","slug":"maki-ortiz-ganaria-encuesta-de-morena-massive-caller","status":"publish","type":"post","link":"https:\/\/www.elsinodaldetamaulipas.com.mx\/?p=81949","title":{"rendered":"MAKI ORTIZ GANAR\u00cdA ENCUESTA DE MORENA MASSIVE CALLER"},"content":{"rendered":"\n<p><strong>EL SINODAL DE TAMAULIPAS<\/strong><\/p>\n\n\n\n<div class=\"wp-block-image\"><figure class=\"alignright size-large\"><img loading=\"lazy\" decoding=\"async\" width=\"594\" height=\"480\" src=\"https:\/\/www.elsinodaldetamaulipas.com.mx\/wp-content\/uploads\/2021\/12\/Massive-I.jpg\" alt=\"\" class=\"wp-image-81950\" srcset=\"https:\/\/www.elsinodaldetamaulipas.com.mx\/wp-content\/uploads\/2021\/12\/Massive-I.jpg 594w, https:\/\/www.elsinodaldetamaulipas.com.mx\/wp-content\/uploads\/2021\/12\/Massive-I-300x242.jpg 300w\" sizes=\"auto, (max-width: 594px) 100vw, 594px\" \/><\/figure><\/div>\n\n\n\n<p><em><strong>Ciudad de M\u00e9xico.-<\/strong><\/em> Massive Caller public\u00f3 su m\u00e1s reciente estudio rumbo a la elecciones por la gubernatura de Tamaulipas colocando a Maki Ortiz como la puntera para ser la abanderada por MORENA con el con el 35.8% de las preferencias, en segundo lugar Am\u00e9rico Villarreal con un 26% y en tercer lugar con 22.5% a Rodolfo Gonz\u00e1lez Valderrama.<\/p>\n\n\n\n<p>El \u00faltimo estudio de la empresa encuestadora, en el careo de todos los aspirantes, muestra que si hoy fueran las elecciones, Maki Ortiz por MORENA tendr\u00eda un triunfo contundente de 45.1% sobre su m\u00e1s cercano competidor del PAN Jes\u00fas Nader con 30%.<\/p>\n\n\n\n<p>En el estudio realizado por la encuestadora Nacional Massive Caller, el 29 de noviembre, participaron 1 Mil Tamaulipecos por la v\u00eda telef\u00f3nica.<\/p>\n","protected":false},"excerpt":{"rendered":"<p>EL SINODAL DE TAMAULIPAS Ciudad de M\u00e9xico.- Massive Caller public\u00f3 su m\u00e1s reciente estudio rumbo a la elecciones por la gubernatura de Tamaulipas colocando a Maki Ortiz como la puntera para ser la abanderada por MORENA con el con el 35.8% de las preferencias, en segundo lugar Am\u00e9rico Villarreal con un 26% y en tercer [&hellip;]<\/p>\n","protected":false},"author":1,"featured_media":81951,"comment_status":"closed","ping_status":"closed","sticky":false,"template":"","format":"standard","meta":{"footnotes":""},"categories":[4],"tags":[],"class_list":["post-81949","post","type-post","status-publish","format-standard","has-post-thumbnail","hentry","category-nacional"],"_links":{"self":[{"href":"https:\/\/www.elsinodaldetamaulipas.com.mx\/index.php?rest_route=\/wp\/v2\/posts\/81949","targetHints":{"allow":["GET"]}}],"collection":[{"href":"https:\/\/www.elsinodaldetamaulipas.com.mx\/index.php?rest_route=\/wp\/v2\/posts"}],"about":[{"href":"https:\/\/www.elsinodaldetamaulipas.com.mx\/index.php?rest_route=\/wp\/v2\/types\/post"}],"author":[{"embeddable":true,"href":"https:\/\/www.elsinodaldetamaulipas.com.mx\/index.php?rest_route=\/wp\/v2\/users\/1"}],"replies":[{"embeddable":true,"href":"https:\/\/www.elsinodaldetamaulipas.com.mx\/index.php?rest_route=%2Fwp%2Fv2%2Fcomments&post=81949"}],"version-history":[{"count":1,"href":"https:\/\/www.elsinodaldetamaulipas.com.mx\/index.php?rest_route=\/wp\/v2\/posts\/81949\/revisions"}],"predecessor-version":[{"id":81952,"href":"https:\/\/www.elsinodaldetamaulipas.com.mx\/index.php?rest_route=\/wp\/v2\/posts\/81949\/revisions\/81952"}],"wp:featuredmedia":[{"embeddable":true,"href":"https:\/\/www.elsinodaldetamaulipas.com.mx\/index.php?rest_route=\/wp\/v2\/media\/81951"}],"wp:attachment":[{"href":"https:\/\/www.elsinodaldetamaulipas.com.mx\/index.php?rest_route=%2Fwp%2Fv2%2Fmedia&parent=81949"}],"wp:term":[{"taxonomy":"category","embeddable":true,"href":"https:\/\/www.elsinodaldetamaulipas.com.mx\/index.php?rest_route=%2Fwp%2Fv2%2Fcategories&post=81949"},{"taxonomy":"post_tag","embeddable":true,"href":"https:\/\/www.elsinodaldetamaulipas.com.mx\/index.php?rest_route=%2Fwp%2Fv2%2Ftags&post=81949"}],"curies":[{"name":"wp","href":"https:\/\/api.w.org\/{rel}","templated":true}]}}