{"id":82184,"date":"2021-12-05T20:31:47","date_gmt":"2021-12-05T20:31:47","guid":{"rendered":"http:\/\/www.elsinodaldetamaulipas.com.mx\/?p=82184"},"modified":"2021-12-05T20:31:52","modified_gmt":"2021-12-05T20:31:52","slug":"se-suma-gerardo-pena-flores-a-todos-por-tamaulipas","status":"publish","type":"post","link":"https:\/\/www.elsinodaldetamaulipas.com.mx\/?p=82184","title":{"rendered":"SE SUMA GERARDO PE\u00d1A FLORES A TODOS POR TAMAULIPAS"},"content":{"rendered":"\n<ul class=\"wp-block-list\"><li><strong><em>Comparte visi\u00f3n y objetivos del colectivo y es factor de unidad de la mano de C\u00e9sar Ver\u00e1stegui<\/em><\/strong><\/li><\/ul>\n\n\n\n<p><strong>EL SINODAL DE TAMAULIPAS<\/strong><\/p>\n\n\n\n<div class=\"wp-block-image\"><figure class=\"alignright size-large\"><img loading=\"lazy\" decoding=\"async\" width=\"640\" height=\"427\" src=\"https:\/\/www.elsinodaldetamaulipas.com.mx\/wp-content\/uploads\/2021\/12\/Gerardo-I.jpeg\" alt=\"\" class=\"wp-image-82185\" srcset=\"https:\/\/www.elsinodaldetamaulipas.com.mx\/wp-content\/uploads\/2021\/12\/Gerardo-I.jpeg 640w, https:\/\/www.elsinodaldetamaulipas.com.mx\/wp-content\/uploads\/2021\/12\/Gerardo-I-300x200.jpeg 300w\" sizes=\"auto, (max-width: 640px) 100vw, 640px\" \/><\/figure><\/div>\n\n\n\n<p><strong>Mante, Tam.-<\/strong> En medio de un ambiente de fiesta, m\u00e1s de 20 mil habitantes de esta ciudad ca\u00f1era aplaudieron al l\u00edder de la bancada panista tamaulipeca en San L\u00e1zaro y hasta ayer, precandidato a gobernador del estado, Gerardo Pe\u00f1a Flores, quien en un ejemplo de altura pol\u00edtica y factor de unidad, se sum\u00f3 al colectivo \u00abTodos por Tamaulipas\u00bb al tiempo de alzar la mano de C\u00e9sar Verastegui Ostos.<\/p>\n\n\n\n<p>\u201cHe venido a anunciarles que he decidido formar parte del colectivo Todos por Tamaulipas, quiero decirles que no importa de d\u00f3nde venimos, pero s\u00ed hacia donde vamos y Todos por Tamaulipas ser\u00e1 esa fuerza que va a consolidar el estado de bienestar y paz que todos queremos\u201d, afirm\u00f3 el legislador federal reynosense, al hacer uso del micr\u00f3fono.<\/p>\n\n\n\n<p>Gerardo Pe\u00f1a Flores puso a su disposici\u00f3n toda su capacidad y equipo para el colectivo para quien se espera lo encabece, \u201cC\u00e9sar Ver\u00e1stegui Ostos, mi amigo a quien tanto aprecio hoy te refrendo todo mi respaldo, toda mi suma, de un servidor, de todo mi equipo y toda la capacitaci\u00f3n y la experiencia que he tenido para ayudarte\u201d<\/p>\n\n\n\n<p>En entrevista realizada al final del evento, C\u00e9sar Ver\u00e1stegui Ostos, el Truko como lo conocen sus amigos, agradeci\u00f3 a Gerardo Pe\u00f1a Flores \u201ces un caballero de la pol\u00edtica, un hombre cuyo compromiso por el bien de los tamaulipecos est\u00e1 por encima de todo, estoy muy agradecido con \u00e9l, con su disposici\u00f3n y apoyo\u201d.<\/p>\n\n\n\n<p>Todo por Tamaulipas avanza con paso imparable, realizando acciones de beneficio social y llevando su mensaje a m\u00e1s de 150 mil tamaulipecos, tocando municipios como Ciudad Victoria, San Fernando, Matamoros, Reynosa, Tampico, Madero, Altamira, Xicot\u00e9ncatl, Tula, Bustamante, Padilla, R\u00edo Bravo y Valle Hermoso, entre otros.<\/p>\n\n\n\n<p>El recinto ferial de la ciudad ca\u00f1era luci\u00f3 abarrotado por miles y miles de mantenses y habitantes de la regi\u00f3n que le dijeron s\u00ed a al objetivo de juntos, en un solo frente, sumados al colectivo TXT hacer de Tamaulipas un mejor lugar.<\/p>\n\n\n\n<figure class=\"wp-block-gallery columns-2 is-cropped wp-block-gallery-1 is-layout-flex wp-block-gallery-is-layout-flex\"><ul class=\"blocks-gallery-grid\"><li class=\"blocks-gallery-item\"><figure><img loading=\"lazy\" decoding=\"async\" width=\"640\" height=\"427\" src=\"https:\/\/www.elsinodaldetamaulipas.com.mx\/wp-content\/uploads\/2021\/12\/Gerardo-II.jpeg\" alt=\"\" data-id=\"82186\" data-full-url=\"https:\/\/www.elsinodaldetamaulipas.com.mx\/wp-content\/uploads\/2021\/12\/Gerardo-II.jpeg\" data-link=\"https:\/\/www.elsinodaldetamaulipas.com.mx\/?attachment_id=82186\" class=\"wp-image-82186\" srcset=\"https:\/\/www.elsinodaldetamaulipas.com.mx\/wp-content\/uploads\/2021\/12\/Gerardo-II.jpeg 640w, https:\/\/www.elsinodaldetamaulipas.com.mx\/wp-content\/uploads\/2021\/12\/Gerardo-II-300x200.jpeg 300w\" sizes=\"auto, (max-width: 640px) 100vw, 640px\" \/><\/figure><\/li><li class=\"blocks-gallery-item\"><figure><img loading=\"lazy\" decoding=\"async\" width=\"640\" height=\"425\" src=\"https:\/\/www.elsinodaldetamaulipas.com.mx\/wp-content\/uploads\/2021\/12\/Gerardo-III.jpeg\" alt=\"\" data-id=\"82187\" data-full-url=\"https:\/\/www.elsinodaldetamaulipas.com.mx\/wp-content\/uploads\/2021\/12\/Gerardo-III.jpeg\" data-link=\"https:\/\/www.elsinodaldetamaulipas.com.mx\/?attachment_id=82187\" class=\"wp-image-82187\" srcset=\"https:\/\/www.elsinodaldetamaulipas.com.mx\/wp-content\/uploads\/2021\/12\/Gerardo-III.jpeg 640w, https:\/\/www.elsinodaldetamaulipas.com.mx\/wp-content\/uploads\/2021\/12\/Gerardo-III-300x199.jpeg 300w\" sizes=\"auto, (max-width: 640px) 100vw, 640px\" \/><\/figure><\/li><li class=\"blocks-gallery-item\"><figure><img loading=\"lazy\" decoding=\"async\" width=\"640\" height=\"427\" src=\"https:\/\/www.elsinodaldetamaulipas.com.mx\/wp-content\/uploads\/2021\/12\/Gerardo-IIII.jpeg\" alt=\"\" data-id=\"82188\" data-full-url=\"https:\/\/www.elsinodaldetamaulipas.com.mx\/wp-content\/uploads\/2021\/12\/Gerardo-IIII.jpeg\" data-link=\"https:\/\/www.elsinodaldetamaulipas.com.mx\/?attachment_id=82188\" class=\"wp-image-82188\" srcset=\"https:\/\/www.elsinodaldetamaulipas.com.mx\/wp-content\/uploads\/2021\/12\/Gerardo-IIII.jpeg 640w, https:\/\/www.elsinodaldetamaulipas.com.mx\/wp-content\/uploads\/2021\/12\/Gerardo-IIII-300x200.jpeg 300w\" sizes=\"auto, (max-width: 640px) 100vw, 640px\" \/><\/figure><\/li><li class=\"blocks-gallery-item\"><figure><img loading=\"lazy\" decoding=\"async\" width=\"640\" height=\"425\" src=\"https:\/\/www.elsinodaldetamaulipas.com.mx\/wp-content\/uploads\/2021\/12\/Gerardo-IIIII.jpeg\" alt=\"\" data-id=\"82189\" data-full-url=\"https:\/\/www.elsinodaldetamaulipas.com.mx\/wp-content\/uploads\/2021\/12\/Gerardo-IIIII.jpeg\" data-link=\"https:\/\/www.elsinodaldetamaulipas.com.mx\/?attachment_id=82189\" class=\"wp-image-82189\" srcset=\"https:\/\/www.elsinodaldetamaulipas.com.mx\/wp-content\/uploads\/2021\/12\/Gerardo-IIIII.jpeg 640w, https:\/\/www.elsinodaldetamaulipas.com.mx\/wp-content\/uploads\/2021\/12\/Gerardo-IIIII-300x199.jpeg 300w\" sizes=\"auto, (max-width: 640px) 100vw, 640px\" \/><\/figure><\/li><li class=\"blocks-gallery-item\"><figure><img loading=\"lazy\" decoding=\"async\" width=\"640\" height=\"425\" src=\"https:\/\/www.elsinodaldetamaulipas.com.mx\/wp-content\/uploads\/2021\/12\/Gerardo-IIIIII.jpeg\" alt=\"\" data-id=\"82190\" data-full-url=\"https:\/\/www.elsinodaldetamaulipas.com.mx\/wp-content\/uploads\/2021\/12\/Gerardo-IIIIII.jpeg\" data-link=\"https:\/\/www.elsinodaldetamaulipas.com.mx\/?attachment_id=82190\" class=\"wp-image-82190\" srcset=\"https:\/\/www.elsinodaldetamaulipas.com.mx\/wp-content\/uploads\/2021\/12\/Gerardo-IIIIII.jpeg 640w, https:\/\/www.elsinodaldetamaulipas.com.mx\/wp-content\/uploads\/2021\/12\/Gerardo-IIIIII-300x199.jpeg 300w\" sizes=\"auto, (max-width: 640px) 100vw, 640px\" \/><\/figure><\/li><li class=\"blocks-gallery-item\"><figure><img loading=\"lazy\" decoding=\"async\" width=\"640\" height=\"427\" src=\"https:\/\/www.elsinodaldetamaulipas.com.mx\/wp-content\/uploads\/2021\/12\/Gerardo-IIIIIII.jpeg\" alt=\"\" data-id=\"82191\" data-full-url=\"https:\/\/www.elsinodaldetamaulipas.com.mx\/wp-content\/uploads\/2021\/12\/Gerardo-IIIIIII.jpeg\" data-link=\"https:\/\/www.elsinodaldetamaulipas.com.mx\/?attachment_id=82191\" class=\"wp-image-82191\" srcset=\"https:\/\/www.elsinodaldetamaulipas.com.mx\/wp-content\/uploads\/2021\/12\/Gerardo-IIIIIII.jpeg 640w, https:\/\/www.elsinodaldetamaulipas.com.mx\/wp-content\/uploads\/2021\/12\/Gerardo-IIIIIII-300x200.jpeg 300w\" sizes=\"auto, (max-width: 640px) 100vw, 640px\" \/><\/figure><\/li><\/ul><\/figure>\n","protected":false},"excerpt":{"rendered":"<p>Comparte visi\u00f3n y objetivos del colectivo y es factor de unidad de la mano de C\u00e9sar Ver\u00e1stegui EL SINODAL DE TAMAULIPAS Mante, Tam.- En medio de un ambiente de fiesta, m\u00e1s de 20 mil habitantes de esta ciudad ca\u00f1era aplaudieron al l\u00edder de la bancada panista tamaulipeca en San L\u00e1zaro y hasta ayer, precandidato a [&hellip;]<\/p>\n","protected":false},"author":1,"featured_media":82192,"comment_status":"closed","ping_status":"closed","sticky":false,"template":"","format":"standard","meta":{"footnotes":""},"categories":[1,2],"tags":[],"class_list":["post-82184","post","type-post","status-publish","format-standard","has-post-thumbnail","hentry","category-portada","category-reynosa"],"_links":{"self":[{"href":"https:\/\/www.elsinodaldetamaulipas.com.mx\/index.php?rest_route=\/wp\/v2\/posts\/82184","targetHints":{"allow":["GET"]}}],"collection":[{"href":"https:\/\/www.elsinodaldetamaulipas.com.mx\/index.php?rest_route=\/wp\/v2\/posts"}],"about":[{"href":"https:\/\/www.elsinodaldetamaulipas.com.mx\/index.php?rest_route=\/wp\/v2\/types\/post"}],"author":[{"embeddable":true,"href":"https:\/\/www.elsinodaldetamaulipas.com.mx\/index.php?rest_route=\/wp\/v2\/users\/1"}],"replies":[{"embeddable":true,"href":"https:\/\/www.elsinodaldetamaulipas.com.mx\/index.php?rest_route=%2Fwp%2Fv2%2Fcomments&post=82184"}],"version-history":[{"count":1,"href":"https:\/\/www.elsinodaldetamaulipas.com.mx\/index.php?rest_route=\/wp\/v2\/posts\/82184\/revisions"}],"predecessor-version":[{"id":82193,"href":"https:\/\/www.elsinodaldetamaulipas.com.mx\/index.php?rest_route=\/wp\/v2\/posts\/82184\/revisions\/82193"}],"wp:featuredmedia":[{"embeddable":true,"href":"https:\/\/www.elsinodaldetamaulipas.com.mx\/index.php?rest_route=\/wp\/v2\/media\/82192"}],"wp:attachment":[{"href":"https:\/\/www.elsinodaldetamaulipas.com.mx\/index.php?rest_route=%2Fwp%2Fv2%2Fmedia&parent=82184"}],"wp:term":[{"taxonomy":"category","embeddable":true,"href":"https:\/\/www.elsinodaldetamaulipas.com.mx\/index.php?rest_route=%2Fwp%2Fv2%2Fcategories&post=82184"},{"taxonomy":"post_tag","embeddable":true,"href":"https:\/\/www.elsinodaldetamaulipas.com.mx\/index.php?rest_route=%2Fwp%2Fv2%2Ftags&post=82184"}],"curies":[{"name":"wp","href":"https:\/\/api.w.org\/{rel}","templated":true}]}}