{"id":92115,"date":"2022-03-03T20:21:38","date_gmt":"2022-03-03T20:21:38","guid":{"rendered":"http:\/\/www.elsinodaldetamaulipas.com.mx\/?p=92115"},"modified":"2022-03-03T20:21:45","modified_gmt":"2022-03-03T20:21:45","slug":"conmemoran-alcaldes-de-reynosa-e-hidalgo-abrazo-binacional-2022","status":"publish","type":"post","link":"https:\/\/www.elsinodaldetamaulipas.com.mx\/?p=92115","title":{"rendered":"CONMEMORAN ALCALDES DE REYNOSA E HIDALGO ABRAZO BINACIONAL 2022"},"content":{"rendered":"\n<p><strong>EL SINODAL DE TAMAULIPAS<\/strong><\/p>\n\n\n\n<p><em><strong>Reynosa, Tam.-<\/strong><\/em> El Presidente Municipal Carlos Pe\u00f1a Ortiz y el Mayor de Hidalgo, Texas; Sergio Coronado, protagonizaron el tradicional Abrazo Binacional 2022, s\u00edmbolo de la hermandad y colaboraci\u00f3n de dos ciudades pertenecientes a diferentes naciones.<\/p>\n\n\n\n<p>\u00abSomos una misma comunidad a pesar de estar en dos pa\u00edses, agradezco su presencia, su apoyo, a los Mayores durante la pandemia\u00bb, dijo este jueves 3 de marzo el Presidente Carlos Pe\u00f1a, al destacar la importancia del abrazo, las relaciones comerciales y el lazo familiar entre M\u00e9xico-Estados Unidos.<\/p>\n\n\n\n<p>Acompa\u00f1ado por su madre, la ex Alcaldesa Dra. Maki Esther Ortiz Dom\u00ednguez y por el Presidente del DIF-Reynosa Carlos Pe\u00f1a Garza, el Alcalde agradeci\u00f3 la participaci\u00f3n del Mayor de Hidalgo y su esposa Mayra Galv\u00e1n Coronado; los Mayores de McAllen, Javier Villalobos y Gerardo Alanis, de Progreso, Texas.<\/p>\n\n\n\n<p>\u00abUn abrazo entre dos pa\u00edses nos une y nos compromete a solucionar los problemas mediante el di\u00e1logo\u00bb, dijo Sergio Coronado, durante el abrazo fraternal del encuentro fronterizo en las inmediaciones del Puente Internacional Reynosa-Hidalgo.<\/p>\n\n\n\n<p>Acompa\u00f1ando a las autoridades presenciando el 46\u00ba aniversario del abrazo entre ambas ciudades, estuvieron presentes los miembros del Cabildo; Diputados, Casandra De los Santos, Juan Ovidio Garc\u00eda y Humberto Prieto; Hugo Ren\u00e9 Oliva Romero, C\u00f3nsul Adscrito de M\u00e9xico en McAllen; Sergio Mu\u00f1oz, representante del Estado de Texas y el Coronel de Caballer\u00eda DEM, Juan Antonio Maldonado Casta\u00f1eda, Comandante del 19\u00ba Regimiento de Caballer\u00eda Motorizado.<\/p>\n","protected":false},"excerpt":{"rendered":"<p>EL SINODAL DE TAMAULIPAS Reynosa, Tam.- El Presidente Municipal Carlos Pe\u00f1a Ortiz y el Mayor de Hidalgo, Texas; Sergio Coronado, protagonizaron el tradicional Abrazo Binacional 2022, s\u00edmbolo de la hermandad y colaboraci\u00f3n de dos ciudades pertenecientes a diferentes naciones. \u00abSomos una misma comunidad a pesar de estar en dos pa\u00edses, agradezco su presencia, su apoyo, [&hellip;]<\/p>\n","protected":false},"author":1,"featured_media":92116,"comment_status":"closed","ping_status":"closed","sticky":false,"template":"","format":"standard","meta":{"footnotes":""},"categories":[1,2],"tags":[],"class_list":["post-92115","post","type-post","status-publish","format-standard","has-post-thumbnail","hentry","category-portada","category-reynosa"],"_links":{"self":[{"href":"https:\/\/www.elsinodaldetamaulipas.com.mx\/index.php?rest_route=\/wp\/v2\/posts\/92115","targetHints":{"allow":["GET"]}}],"collection":[{"href":"https:\/\/www.elsinodaldetamaulipas.com.mx\/index.php?rest_route=\/wp\/v2\/posts"}],"about":[{"href":"https:\/\/www.elsinodaldetamaulipas.com.mx\/index.php?rest_route=\/wp\/v2\/types\/post"}],"author":[{"embeddable":true,"href":"https:\/\/www.elsinodaldetamaulipas.com.mx\/index.php?rest_route=\/wp\/v2\/users\/1"}],"replies":[{"embeddable":true,"href":"https:\/\/www.elsinodaldetamaulipas.com.mx\/index.php?rest_route=%2Fwp%2Fv2%2Fcomments&post=92115"}],"version-history":[{"count":1,"href":"https:\/\/www.elsinodaldetamaulipas.com.mx\/index.php?rest_route=\/wp\/v2\/posts\/92115\/revisions"}],"predecessor-version":[{"id":92117,"href":"https:\/\/www.elsinodaldetamaulipas.com.mx\/index.php?rest_route=\/wp\/v2\/posts\/92115\/revisions\/92117"}],"wp:featuredmedia":[{"embeddable":true,"href":"https:\/\/www.elsinodaldetamaulipas.com.mx\/index.php?rest_route=\/wp\/v2\/media\/92116"}],"wp:attachment":[{"href":"https:\/\/www.elsinodaldetamaulipas.com.mx\/index.php?rest_route=%2Fwp%2Fv2%2Fmedia&parent=92115"}],"wp:term":[{"taxonomy":"category","embeddable":true,"href":"https:\/\/www.elsinodaldetamaulipas.com.mx\/index.php?rest_route=%2Fwp%2Fv2%2Fcategories&post=92115"},{"taxonomy":"post_tag","embeddable":true,"href":"https:\/\/www.elsinodaldetamaulipas.com.mx\/index.php?rest_route=%2Fwp%2Fv2%2Ftags&post=92115"}],"curies":[{"name":"wp","href":"https:\/\/api.w.org\/{rel}","templated":true}]}}