{"id":9588,"date":"2020-04-14T21:46:54","date_gmt":"2020-04-14T21:46:54","guid":{"rendered":"http:\/\/www.elsinodaldetamaulipas.com.mx\/?p=9588"},"modified":"2020-04-14T21:46:57","modified_gmt":"2020-04-14T21:46:57","slug":"recomienda-gobierno-de-reynosa-quedarse-en-casa-para-evitar-covid-19","status":"publish","type":"post","link":"https:\/\/www.elsinodaldetamaulipas.com.mx\/?p=9588","title":{"rendered":"RECOMIENDA GOBIERNO DE REYNOSA QUEDARSE EN CASA PARA EVITAR COVID-19"},"content":{"rendered":"\n<p><strong>EL SINODAL DE TAMAULIPAS<\/strong><\/p>\n\n\n\n<p><em><strong>REYNOSA, TAM.-<\/strong><\/em> El Gobierno Municipal de Reynosa invita a la poblaci\u00f3n a poner en pr\u00e1ctica las medidas de prevenci\u00f3n para evitar el contagio de COVID-19, emitidas por la Organizaci\u00f3n Mundial de la Salud, y lograr con ello una baja en la estad\u00edstica de propagaci\u00f3n.<\/p>\n\n\n\n<p>Las principales medidas, para combatir juntos el COVID-19, son: el lavado constante y detallado de manos, con abundante agua y jab\u00f3n, o limpieza con gel que contenga 70% de alcohol; no saludar de mano, ni con besos o abrazos.<\/p>\n\n\n\n<p>No se debe asistir a lugares concurridos y guardar distancia de al menos 1.5 metros de otra persona; cuidar en especial a las personas de la tercera edad, manteni\u00e9ndolas en casa y no exponer a los menores de edad en la v\u00eda p\u00fablica.<\/p>\n\n\n\n<p>Para responder a las dudas de los ciudadanos, la Secretar\u00eda de Salud pone a disposici\u00f3n el n\u00famero 834 318 6320 y 6321, qu\u00e9date en casa, juntos podemos combatir el COVID-19.<\/p>\n\n\n\n<p><\/p>\n\n\n\n<figure class=\"wp-block-image size-large\"><img decoding=\"async\" src=\"https:\/\/www.elsinodaldetamaulipas.com.mx\/wp-content\/uploads\/2020\/02\/Comercial-1024x554.jpg\" alt=\"\" class=\"wp-image-379\"\/><\/figure>\n\n\n\n<figure class=\"wp-block-image size-large\"><img decoding=\"async\" src=\"https:\/\/www.elsinodaldetamaulipas.com.mx\/wp-content\/uploads\/2020\/03\/Comercial.jpg\" alt=\"\" class=\"wp-image-5840\"\/><\/figure>\n","protected":false},"excerpt":{"rendered":"<p>EL SINODAL DE TAMAULIPAS REYNOSA, TAM.- El Gobierno Municipal de Reynosa invita a la poblaci\u00f3n a poner en pr\u00e1ctica las medidas de prevenci\u00f3n para evitar el contagio de COVID-19, emitidas por la Organizaci\u00f3n Mundial de la Salud, y lograr con ello una baja en la estad\u00edstica de propagaci\u00f3n. Las principales medidas, para combatir juntos el [&hellip;]<\/p>\n","protected":false},"author":1,"featured_media":9589,"comment_status":"closed","ping_status":"closed","sticky":false,"template":"","format":"standard","meta":{"footnotes":""},"categories":[1,2],"tags":[],"class_list":["post-9588","post","type-post","status-publish","format-standard","has-post-thumbnail","hentry","category-portada","category-reynosa"],"_links":{"self":[{"href":"https:\/\/www.elsinodaldetamaulipas.com.mx\/index.php?rest_route=\/wp\/v2\/posts\/9588","targetHints":{"allow":["GET"]}}],"collection":[{"href":"https:\/\/www.elsinodaldetamaulipas.com.mx\/index.php?rest_route=\/wp\/v2\/posts"}],"about":[{"href":"https:\/\/www.elsinodaldetamaulipas.com.mx\/index.php?rest_route=\/wp\/v2\/types\/post"}],"author":[{"embeddable":true,"href":"https:\/\/www.elsinodaldetamaulipas.com.mx\/index.php?rest_route=\/wp\/v2\/users\/1"}],"replies":[{"embeddable":true,"href":"https:\/\/www.elsinodaldetamaulipas.com.mx\/index.php?rest_route=%2Fwp%2Fv2%2Fcomments&post=9588"}],"version-history":[{"count":1,"href":"https:\/\/www.elsinodaldetamaulipas.com.mx\/index.php?rest_route=\/wp\/v2\/posts\/9588\/revisions"}],"predecessor-version":[{"id":9590,"href":"https:\/\/www.elsinodaldetamaulipas.com.mx\/index.php?rest_route=\/wp\/v2\/posts\/9588\/revisions\/9590"}],"wp:featuredmedia":[{"embeddable":true,"href":"https:\/\/www.elsinodaldetamaulipas.com.mx\/index.php?rest_route=\/wp\/v2\/media\/9589"}],"wp:attachment":[{"href":"https:\/\/www.elsinodaldetamaulipas.com.mx\/index.php?rest_route=%2Fwp%2Fv2%2Fmedia&parent=9588"}],"wp:term":[{"taxonomy":"category","embeddable":true,"href":"https:\/\/www.elsinodaldetamaulipas.com.mx\/index.php?rest_route=%2Fwp%2Fv2%2Fcategories&post=9588"},{"taxonomy":"post_tag","embeddable":true,"href":"https:\/\/www.elsinodaldetamaulipas.com.mx\/index.php?rest_route=%2Fwp%2Fv2%2Ftags&post=9588"}],"curies":[{"name":"wp","href":"https:\/\/api.w.org\/{rel}","templated":true}]}}