{"id":96942,"date":"2022-04-14T04:09:49","date_gmt":"2022-04-14T04:09:49","guid":{"rendered":"http:\/\/www.elsinodaldetamaulipas.com.mx\/?p=96942"},"modified":"2022-04-14T04:09:54","modified_gmt":"2022-04-14T04:09:54","slug":"correspondencia-un-iluso-de-10","status":"publish","type":"post","link":"https:\/\/www.elsinodaldetamaulipas.com.mx\/?p=96942","title":{"rendered":"CORRESPONDENCIA\/ Un iluso de 10\u2026"},"content":{"rendered":"\n<p>UNO.-De entrada tengo que reconocerle Arturo Diez Guti\u00e9rrez, en animo que le imprime a sus actividades proselitistas en busca de la gubernatura del Estado abanderando a Movimiento ciudadano, pero de ah\u00ed que traiga gente, seguidores y se la crea y quiera hacer creer que este mejor posicionado que Cesar Augusto Ver\u00e1stegui, de verdad da risa.\u00a0<\/p>\n\n\n\n<p>Si no pudo con Victoria, usted cree, que Diez Guti\u00e9rrez, pueda con el estado, yo creo que no, y menos que convenza al electorado aunque l se de \u00e1nimos y haga publicar en sus redes los supuestos resultados de una encuesta en donde dice obtuvo el 19.5 por ciento contra un 18.5 de la coalici\u00f3n PAN, PRI y PRD.&nbsp;<\/p>\n\n\n\n<p>Arturo Diez ha sido uno de los peorcitos alcaldes que ha tenido la capital del Estado, la dejo endeudada, y a los ciudadanos completamente abandonados, en bancarrota, y aun cuando se jacta de estar en segundo lugar en las preferencias electorales, lo dudo porque la verdad no convence ni a los suyos, que traiga y le imprima animo es otra cosas, pero bien que sabe que no tiene ninguna posibilidad, porque no tiene ni el carisma ni los tama\u00f1os de los abanderados de su partido que ganaron en otras entidades.&nbsp;<\/p>\n\n\n\n<p>El ex alcalde priista ha hecho publicar en algunos medios de comunicaci\u00f3n esta encuesta a modo, aunque no dice como se realizaron refiere que&nbsp; est\u00e1 en el segundo lugar y que va por el primero y en lo \u00fanico que creo yo atino es decir es en el exhorto que hace a los tamaulipecos de salir a votar para hacer valer su voto y decidir el futuro de Tamaulipas, porque se ir en segundo lugar de verdad se me hace un verdadero iluso.&nbsp;<\/p>\n\n\n\n<p>El iluso de Diez Guti\u00e9rrez, es el mismo que siendo alcalde y ya para salir en las dos \u00faltimas semanas de su administraci\u00f3n endeudo a Victoria con 50 millones de pesos, \u00bfpara qu\u00e9?, hay que preguntarle al candidato porque como dice el dicho nadie sabe nadie supo, lo \u00fanico que si es cierto que desapareci\u00f3 en gran cantidad de dinero de las arcas municipales y hasta la fecha seguimos pagando los victorenses las malas administraciones como las del hoy candidato de Movimiento Ciudadano al Gobierno de Tamaulipas.&nbsp;<\/p>\n\n\n\n<p>DOS.-Y hablando de verdaderos candidatos y verdaderas campa\u00f1as vale decir que el doctor Am\u00e9rico Villarreal Anaya, candidato a gobernador de Tamaulipas, candidatura com\u00fan \u201cJuntos Hacemos Historia en Tamaulipas\u201d Morena-PT-PVEM, realizara una serie de eventos y reuniones en la zona Sur del estado, as\u00ed es como en Tampico&nbsp; a las 12:00 hrs.-tendr\u00e1 un evento masivo con simpatizantes en las canchas techadas col. Borreguera a las 18:00 hrs, sostendr\u00e1 un evento&nbsp; masivo con simpatizantes Altamira, en la unidad deportiva y concluir\u00e1 a las 19:30 con el foro democracia participativa industria y turismo, en hotel posada de Tampico.&nbsp;<\/p>\n\n\n\n<p>Por cierto que en ciudad Madero Am\u00e9rico se dijo listo para ganar y transformar a Tamaulipas&nbsp;<\/p>\n\n\n\n<p>\u201cEs tiempo que las riquezas de nuestro bello Estado generen bienestar y desarrollo para todos los tamaulipecos y no solo para unos cuantos\u201d dijo el candidato de Morena-PVEM-PT a la gubernatura de Tamaulipas.&nbsp;<\/p>\n\n\n\n<p>\u00abNo les voy a fallar, su cari\u00f1o es bien correspondido, ustedes son la fuerza de este movimiento, vamos juntos a hacer historia, vamos para adelante\u00bb, dijo a los asistentes que acudieron a un evento que se realiz\u00f3 en uno de los paseos tur\u00edsticos m\u00e1s importante de Tamaulipas y de la zona sur principalmente.&nbsp;<\/p>\n\n\n\n<p>TRES.-Todo est\u00e1 listo para que los visitantes lleguen al municipio de Llera donde el presidente Municipal Mois\u00e9s Borj\u00f3n Olvera, tiene preparada una serie de actividades culturales y se sano esparcimiento para estos d\u00edas se asueto, empezando con el certamen se\u00f1orita r\u00edo 2022.&nbsp;<\/p>\n\n\n\n<p>El festival \u201cVive Llera\u201d, comienza este 14 de abril y concluye el d\u00eda 17, inicia con el certamen se\u00f1orita r\u00edo 2022, en la explanada de la presidencia municipal a las 19:00 hrs, el viernes 16, continua con un festival cultural, en el balneario la pe\u00f1ita a las 12.00 horas y en la explanada de la presidencia municipal a las 19:00 hrs. El s\u00e1bado 16 un baile popular en la explanada de la presidencia municipal para concluir el domingo 17 con la premiaci\u00f3n deportiva en el campo de la colonia obrera a las 10:00 hrs.&nbsp;<\/p>\n\n\n\n<p>Se dispuso por \u00f3rdenes del presidente Mois\u00e9s Borj\u00f3n de todo lo necesario para que, en los balnearios de la Pe\u00f1ita, Zaragoza y el Pe\u00f1\u00f3n se amenice con m\u00fasica en vivo desde las 13:00 hrs destacando sobre todo la seguridad en la zona y un ambiente completamente familiar, algo que ya extra\u00f1aban los lugare\u00f1os y sus visitantes, porque aparte de motivar la zona tambi\u00e9n les deja buenas ganancias.&nbsp;<\/p>\n\n\n\n<p>CUATRO.- Tamaulipas entra en apoyo a la federaci\u00f3n para aplicar vacunas contra el COVID-19&nbsp; Y evitar que muchas de ellas se desperdicien despu\u00e9s de que 8 millones de dosis, que est\u00e1n en manos de la federaci\u00f3n caducan el pr\u00f3ximo 30 de abril.&nbsp;<\/p>\n\n\n\n<p>As\u00ed es como en la entidad ser\u00e1n 200 centros de salud y las 12 jurisdicciones sanitarias, adem\u00e1s de 5 puestos de vacunaci\u00f3n en los municipios de Matamoros, Reynosa, Victoria, Tampico y Madero, donde se aplicar\u00e1 el biol\u00f3gico en esta campa\u00f1a masiva de vacunaci\u00f3n, donde la brigada correcaminos contar\u00e1 con 330 mil dosis, 100 mil para el IMSS, 80 mil de la secretar\u00eda de salud y 35 mil dosis del ISSSTE, adem\u00e1s de las de PEMEX, SEMAR Y SEDENA.&nbsp;<\/p>\n\n\n\n<p>&nbsp;\u201cInvitamos a las y los tamaulipecos mayores de 18 a\u00f1os que no est\u00e1n vacunados, a quienes tienen una solo dosis, a los que les falte el refuerzo o aquellos que no cuenten con ninguna aplicaci\u00f3n, para que acudan a su unidad m\u00e1s cercana para recibir la vacuna y protegerse contra el virus\u201d dijo la secretaria de Salud de Tamaulipas, Gloria Molina Gamboa.&nbsp;<\/p>\n\n\n\n<p>Vale recordar que el gobierno de la Rep\u00fablica solicit\u00f3 el apoyo de Tamaulipas para distribuir y aplicar dosis de vacuna AstraZeneca pr\u00f3ximas a caducar, el gobernador del estado Francisco Garc\u00eda Cabeza de Vaca dispuso la movilizaci\u00f3n del personal y la instalaci\u00f3n de los macropuestos en los principales municipios para atender a la poblaci\u00f3n en donde cabe destacar que para la aplicaci\u00f3n el gobierno federal autoriz\u00f3 la contrataci\u00f3n por 15 d\u00edas de 120 personas que aplicar\u00e1n el biol\u00f3gico.&nbsp;<\/p>\n\n\n\n<p>Mi correo <a href=\"mailto:joseluis_castillogtz@hotmail.com\">joseluis_castillogtz@hotmail.com<\/a> y <a href=\"mailto:joseluis.castillogtz@gmail.com\">joseluis.castillogtz@gmail.com<\/a>&nbsp;<\/p>\n","protected":false},"excerpt":{"rendered":"<p>UNO.-De entrada tengo que reconocerle Arturo Diez Guti\u00e9rrez, en animo que le imprime a sus actividades proselitistas en busca de la gubernatura del Estado abanderando a Movimiento ciudadano, pero de ah\u00ed que traiga gente, seguidores y se la crea y quiera hacer creer que este mejor posicionado que Cesar Augusto Ver\u00e1stegui, de verdad da risa.\u00a0 [&hellip;]<\/p>\n","protected":false},"author":1,"featured_media":69409,"comment_status":"closed","ping_status":"closed","sticky":false,"template":"","format":"standard","meta":{"footnotes":""},"categories":[16],"tags":[],"class_list":["post-96942","post","type-post","status-publish","format-standard","has-post-thumbnail","hentry","category-opinion"],"_links":{"self":[{"href":"https:\/\/www.elsinodaldetamaulipas.com.mx\/index.php?rest_route=\/wp\/v2\/posts\/96942","targetHints":{"allow":["GET"]}}],"collection":[{"href":"https:\/\/www.elsinodaldetamaulipas.com.mx\/index.php?rest_route=\/wp\/v2\/posts"}],"about":[{"href":"https:\/\/www.elsinodaldetamaulipas.com.mx\/index.php?rest_route=\/wp\/v2\/types\/post"}],"author":[{"embeddable":true,"href":"https:\/\/www.elsinodaldetamaulipas.com.mx\/index.php?rest_route=\/wp\/v2\/users\/1"}],"replies":[{"embeddable":true,"href":"https:\/\/www.elsinodaldetamaulipas.com.mx\/index.php?rest_route=%2Fwp%2Fv2%2Fcomments&post=96942"}],"version-history":[{"count":1,"href":"https:\/\/www.elsinodaldetamaulipas.com.mx\/index.php?rest_route=\/wp\/v2\/posts\/96942\/revisions"}],"predecessor-version":[{"id":96943,"href":"https:\/\/www.elsinodaldetamaulipas.com.mx\/index.php?rest_route=\/wp\/v2\/posts\/96942\/revisions\/96943"}],"wp:featuredmedia":[{"embeddable":true,"href":"https:\/\/www.elsinodaldetamaulipas.com.mx\/index.php?rest_route=\/wp\/v2\/media\/69409"}],"wp:attachment":[{"href":"https:\/\/www.elsinodaldetamaulipas.com.mx\/index.php?rest_route=%2Fwp%2Fv2%2Fmedia&parent=96942"}],"wp:term":[{"taxonomy":"category","embeddable":true,"href":"https:\/\/www.elsinodaldetamaulipas.com.mx\/index.php?rest_route=%2Fwp%2Fv2%2Fcategories&post=96942"},{"taxonomy":"post_tag","embeddable":true,"href":"https:\/\/www.elsinodaldetamaulipas.com.mx\/index.php?rest_route=%2Fwp%2Fv2%2Ftags&post=96942"}],"curies":[{"name":"wp","href":"https:\/\/api.w.org\/{rel}","templated":true}]}}