{"id":99080,"date":"2022-05-02T00:40:37","date_gmt":"2022-05-02T00:40:37","guid":{"rendered":"http:\/\/www.elsinodaldetamaulipas.com.mx\/?p=99080"},"modified":"2022-05-02T00:40:40","modified_gmt":"2022-05-02T00:40:40","slug":"intenso-enfrentamiento-causa-panico-en-jalisco","status":"publish","type":"post","link":"https:\/\/www.elsinodaldetamaulipas.com.mx\/?p=99080","title":{"rendered":"INTENSO ENFRENTAMIENTO CAUSA P\u00c1NICO EN JALISCO"},"content":{"rendered":"\n<ul class=\"wp-block-list\"><li><strong><em>La Secretar\u00eda de Seguridad del Estado, confirm\u00f3 que esta tarde en Mazamitla hubo un saldo de tres civiles muertos\u00a0<\/em><\/strong><\/li><\/ul>\n\n\n\n<p><strong><em>EL SINODAL DE TAMAULIPAS&nbsp;<\/em><\/strong><\/p>\n\n\n\n<p>La tarde de este domingo, se registraron varios enfrentamientos y bloqueos en Jalisco, en el municipio de Mazamitla, uno de los principales destinos tur\u00edsticos en la entidad, justo en los l\u00edmites con Michoac\u00e1n.&nbsp;<\/p>\n\n\n\n<p>#AlMomento Bloqueo en la vialidad sobre las inmediaciones del crucero de Tamazula de Gordiano y La cofrad\u00eda, saliendo de Mazamitla, por presunto tiroteo en la zona. M\u00e1s detalles en @GNocturnaMX pic.twitter.com\/4d5xTDZTJG&nbsp;<\/p>\n\n\n\n<p>\u2014 Tr\u00e1ficoZMGuadalajara (@Trafico_ZMG) May 1, 2022&nbsp;<\/p>\n\n\n\n<p>Lo anterior se report\u00f3 alrededor de las 14:00 horas, cuando comenzaron a circular los reportes en redes sociales de la balacera y los bloqueos en la carretera que lleva a Guadalajara.&nbsp;<\/p>\n\n\n\n<p>En ese sentido, el gobernador de Jalisco, Enrique Alfaro, confirm\u00f3 que se trat\u00f3 de enfrentamientos entre integrantes de grupos criminales y que no \u201cse registra ninguna baja\u201d.&nbsp;<\/p>\n\n\n\n<p>\u201cSe est\u00e1n retirando tres bloqueos en distintos puntos de la zona y hemos logrado detectar dos incendios que los criminales iniciaron para complicar las labores de b\u00fasqueda y persecuci\u00f3n\u201d, public\u00f3 en sus redes sociales el gobernador.&nbsp;<\/p>\n\n\n\n<p>Sin embargo, m\u00e1s tarde, la Secretar\u00eda de Seguridad del Estado de Jalisco confirm\u00f3 que en los hechos de violencia registrados esta tarde en Mazamitla hubo un saldo de tres civiles muertos.&nbsp;<\/p>\n\n\n\n<p>Sobre los hechos de Mazamitla: ya cesaron los enfrentamientos, el municipio se encuentra en calma y bajo control de las fuerzas de seguridad, las v\u00edas de comunicaci\u00f3n ya est\u00e1n liberadas, se descartaron dos de los bloqueos informados y el incendio de un automotor est\u00e1 controlado.&nbsp;<\/p>\n\n\n\n<p>\u2014 Enrique Alfaro (@EnriqueAlfaroR) May 1, 2022&nbsp;<\/p>\n\n\n\n<p>\u201cSe localizaron los cuerpos de tres hombres, quienes presuntamente habr\u00edan perdido la vida por heridas producidas por arma de fuego, por lo que ya se inici\u00f3 la carpeta de investigaci\u00f3n notific\u00e1ndole al Agente del Ministerio P\u00fablico de la Fiscal\u00eda de Jalisco\u201c, se\u00f1al\u00f3 la dependencia en redes sociales.&nbsp;<\/p>\n\n\n\n<p>Los fallecidos son tres hombres entre 25 y 35 a\u00f1os de edad, quienes presentan m\u00faltiples impactos por arma de fuego.&nbsp;<\/p>\n\n\n\n<p>La dependencia de seguridad pidi\u00f3 calma a la poblaci\u00f3n ya que aseguran que el municipio de la regi\u00f3n Sureste est\u00e1 bajo resguardo por la Polic\u00eda Estatal.&nbsp;<\/p>\n\n\n\n<p>Puedes leer: Sedena confirma que 2 mujeres militares fueron secuestradas en Puerto Vallarta, Jalisco&nbsp;<\/p>\n\n\n\n<p>\u201cEl municipio de Mazamitla se encuentra en calma, tanto la zona habitacional como tur\u00edstica est\u00e1 bajo resguardo de la Polic\u00eda del Estado y la situaci\u00f3n es de tranquilidad. El Secretario de Seguridad del Estado, Juan Bosco Agust\u00edn Pacheco Medrano, se encuentra supervisando la zona, corroborando que no hay afectaciones a la ciudadan\u00eda\u201d, dice el documento.&nbsp;<\/p>\n\n\n\n<p>Sobre el deceso de los tres gatilleros, explicaron que los cuerpos de las tres personas fueron hallados en una glorieta abandonados;&nbsp; su muerte la confirmaron param\u00e9dicos locales.&nbsp;<\/p>\n","protected":false},"excerpt":{"rendered":"<p>La Secretar\u00eda de Seguridad del Estado, confirm\u00f3 que esta tarde en Mazamitla hubo un saldo de tres civiles muertos\u00a0 EL SINODAL DE TAMAULIPAS&nbsp; La tarde de este domingo, se registraron varios enfrentamientos y bloqueos en Jalisco, en el municipio de Mazamitla, uno de los principales destinos tur\u00edsticos en la entidad, justo en los l\u00edmites con [&hellip;]<\/p>\n","protected":false},"author":1,"featured_media":99081,"comment_status":"closed","ping_status":"closed","sticky":false,"template":"","format":"standard","meta":{"footnotes":""},"categories":[1],"tags":[],"class_list":["post-99080","post","type-post","status-publish","format-standard","has-post-thumbnail","hentry","category-portada"],"_links":{"self":[{"href":"https:\/\/www.elsinodaldetamaulipas.com.mx\/index.php?rest_route=\/wp\/v2\/posts\/99080","targetHints":{"allow":["GET"]}}],"collection":[{"href":"https:\/\/www.elsinodaldetamaulipas.com.mx\/index.php?rest_route=\/wp\/v2\/posts"}],"about":[{"href":"https:\/\/www.elsinodaldetamaulipas.com.mx\/index.php?rest_route=\/wp\/v2\/types\/post"}],"author":[{"embeddable":true,"href":"https:\/\/www.elsinodaldetamaulipas.com.mx\/index.php?rest_route=\/wp\/v2\/users\/1"}],"replies":[{"embeddable":true,"href":"https:\/\/www.elsinodaldetamaulipas.com.mx\/index.php?rest_route=%2Fwp%2Fv2%2Fcomments&post=99080"}],"version-history":[{"count":1,"href":"https:\/\/www.elsinodaldetamaulipas.com.mx\/index.php?rest_route=\/wp\/v2\/posts\/99080\/revisions"}],"predecessor-version":[{"id":99082,"href":"https:\/\/www.elsinodaldetamaulipas.com.mx\/index.php?rest_route=\/wp\/v2\/posts\/99080\/revisions\/99082"}],"wp:featuredmedia":[{"embeddable":true,"href":"https:\/\/www.elsinodaldetamaulipas.com.mx\/index.php?rest_route=\/wp\/v2\/media\/99081"}],"wp:attachment":[{"href":"https:\/\/www.elsinodaldetamaulipas.com.mx\/index.php?rest_route=%2Fwp%2Fv2%2Fmedia&parent=99080"}],"wp:term":[{"taxonomy":"category","embeddable":true,"href":"https:\/\/www.elsinodaldetamaulipas.com.mx\/index.php?rest_route=%2Fwp%2Fv2%2Fcategories&post=99080"},{"taxonomy":"post_tag","embeddable":true,"href":"https:\/\/www.elsinodaldetamaulipas.com.mx\/index.php?rest_route=%2Fwp%2Fv2%2Ftags&post=99080"}],"curies":[{"name":"wp","href":"https:\/\/api.w.org\/{rel}","templated":true}]}}